{"id":1310,"date":"2019-02-15T01:16:33","date_gmt":"2019-02-15T01:16:33","guid":{"rendered":"https:\/\/raicesjerezanas.com\/?p=1310"},"modified":"2019-02-15T01:16:33","modified_gmt":"2019-02-15T01:16:33","slug":"aceves-sanchez-impulsa-al-sector-juvenil-con-proyecto-jerez-joven","status":"publish","type":"post","link":"https:\/\/raicesjerezanas.com\/?p=1310","title":{"rendered":"ACEVES S\u00c1NCHEZ IMPULSA AL SECTOR JUVENIL CON PROYECTO JEREZ JOVEN"},"content":{"rendered":"<p>El Presidente Municipal Antonio Aceves S\u00e1nchez, puso en marcha el programa Jerez Joven.<\/p>\n<p>Con la Tarjeta Joven, el sector estudiantil de Jerez podr\u00e1 acceder a descuentos por su compra en diversos comercios locales.<\/p>\n<p>En su primera etapa se entregar\u00e1n 2 mil credenciales que ser\u00e1n v\u00e1lidas en 36 establecimientos con montos del 5 al 15 por ciento de descuento en rubros como alimentos, papeler\u00eda y zapater\u00eda.<\/p>\n<p>Aceves S\u00e1nchez reconoci\u00f3 esta estrategia promovida desde el Instituto Jerezano de la Juventud (INJJUVE), con el que la administraci\u00f3n municipal a su cargo busca contribuir a la econom\u00eda familiar.<\/p>\n<p>Por su parte, Guillermo Valdez, titular del Instituto, agradeci\u00f3 el respaldo de la Direcci\u00f3n de Desarrollo Econ\u00f3mico y Social a esta iniciativa a favor del desarrollo de los j\u00f3venes quienes dijo, hoy d\u00eda enfrentan muchas adversidades sociales.<\/p>\n<p>Detall\u00f3 que alrededor del 30 por ciento de la poblaci\u00f3n en el municipio tiene entre 12 y 29 a\u00f1os de edad, por lo que es importante atender sus necesidades.<\/p>\n<p>\u201cLo que hagan las instituciones hoy, ser\u00e1 lo que en un futuro ellos har\u00e1n por Jerez\u201d afirm\u00f3.<\/p>\n<p>Destac\u00f3 que pr\u00f3ximamente se entregar\u00e1n las tarjetas en secundarias y se abrir\u00e1 la convocatoria para estudiantes de nivel superior, as\u00ed como a aquellos j\u00f3venes que por situaciones espec\u00edficas no han podido continuar con sus estudios.<\/p>\n<p>El evento se realiz\u00f3 en el Centro de Estudios Cient\u00edficos y Tecnol\u00f3gicos del Estado de Zacatecas (CECyTEZ) plantel El Molino. Ah\u00ed, el Director Daniel Ch\u00e1vez y la alumna Mitzi Ure\u00f1o, agradecieron la atenci\u00f3n de las autoridades y manifestaron su compromiso de trabajar por una mejor sociedad.<\/p>\n<p>Al evento tambi\u00e9n asisti\u00f3 Nayeli \u00c1lvarez Haro, Presidenta Honor\u00edfica del Sistema Municipal DIF; Octavio de la Torre Jim\u00e9nez, Director de Desarrollo Econ\u00f3mico y Social; el Regidor Rutilo Carrera y la Presidenta de la Asociaci\u00f3n de Padres de Familia, Ang\u00e9lica Mar\u00eda Garc\u00eda.<\/p>\n","protected":false},"excerpt":{"rendered":"<div class=\"mh-excerpt\"><p>El Presidente Municipal Antonio Aceves S\u00e1nchez, puso en marcha el programa Jerez Joven. Con la Tarjeta Joven, el sector estudiantil de Jerez podr\u00e1 acceder a <a class=\"mh-excerpt-more\" href=\"https:\/\/raicesjerezanas.com\/?p=1310\" title=\"ACEVES S\u00c1NCHEZ IMPULSA AL SECTOR JUVENIL CON PROYECTO JEREZ JOVEN\">&#8230;<\/a><\/p>\n<\/div>","protected":false},"author":1,"featured_media":1311,"comment_status":"closed","ping_status":"closed","sticky":false,"template":"","format":"standard","meta":{"footnotes":""},"categories":[],"tags":[],"class_list":["post-1310","post","type-post","status-publish","format-standard","has-post-thumbnail","hentry"],"_links":{"self":[{"href":"https:\/\/raicesjerezanas.com\/index.php?rest_route=\/wp\/v2\/posts\/1310","targetHints":{"allow":["GET"]}}],"collection":[{"href":"https:\/\/raicesjerezanas.com\/index.php?rest_route=\/wp\/v2\/posts"}],"about":[{"href":"https:\/\/raicesjerezanas.com\/index.php?rest_route=\/wp\/v2\/types\/post"}],"author":[{"embeddable":true,"href":"https:\/\/raicesjerezanas.com\/index.php?rest_route=\/wp\/v2\/users\/1"}],"replies":[{"embeddable":true,"href":"https:\/\/raicesjerezanas.com\/index.php?rest_route=%2Fwp%2Fv2%2Fcomments&post=1310"}],"version-history":[{"count":0,"href":"https:\/\/raicesjerezanas.com\/index.php?rest_route=\/wp\/v2\/posts\/1310\/revisions"}],"wp:featuredmedia":[{"embeddable":true,"href":"https:\/\/raicesjerezanas.com\/index.php?rest_route=\/wp\/v2\/media\/1311"}],"wp:attachment":[{"href":"https:\/\/raicesjerezanas.com\/index.php?rest_route=%2Fwp%2Fv2%2Fmedia&parent=1310"}],"wp:term":[{"taxonomy":"category","embeddable":true,"href":"https:\/\/raicesjerezanas.com\/index.php?rest_route=%2Fwp%2Fv2%2Fcategories&post=1310"},{"taxonomy":"post_tag","embeddable":true,"href":"https:\/\/raicesjerezanas.com\/index.php?rest_route=%2Fwp%2Fv2%2Ftags&post=1310"}],"curies":[{"name":"wp","href":"https:\/\/api.w.org\/{rel}","templated":true}]}}