{"id":16410,"date":"2020-03-04T18:25:08","date_gmt":"2020-03-05T00:25:08","guid":{"rendered":"https:\/\/enconecte.com\/?p=16410"},"modified":"2023-07-14T04:25:46","modified_gmt":"2023-07-14T04:25:46","slug":"alumnos-del-tec-de-jerez-participan-en-conferencia-impartida-por-secampo","status":"publish","type":"post","link":"https:\/\/raicesjerezanas.com\/?p=16410","title":{"rendered":"ALUMNOS DEL TEC DE JEREZ PARTICIPAN EN CONFERENCIA IMPARTIDA POR SECAMPO"},"content":{"rendered":"<p><strong>&#8211; Los j\u00f3venes pilar importante para la actualizaci\u00f3n del campo<\/strong><\/p>\n<p>Adolfo Bonilla G\u00f3mez titular de la Secretar\u00eda del Campo imparti\u00f3 la conferencia \u201cEl Campo es Negocio\u201d, ante un nutrido n\u00famero de alumnos y docentes del Instituto Tecnol\u00f3gico Superior de Jerez, con la intenci\u00f3n de que los j\u00f3venes se convenzan de la potencia agroalimentaria que representa Zacatecas, lo que significa una actualizaci\u00f3n en la que pueden incidir los profesionistas de esta instituci\u00f3n.<\/p>\n<p>El director general de la m\u00e1xima casa de estudios de Jerez, Benito Ju\u00e1rez Trejo, dio la bienvenida y agradeci\u00f3 la presencia del Secretario del Campo, Adolfo Bonilla, diputado Luis Esparza, as\u00ed como del presidente municipal Antonio Aceves y funcionarios tanto de gobierno estatal como municipal que se dieron cita en el plantel para participar en esta actividad que remarca la importancia del campo zacatecano.<\/p>\n<p>Alumnos de las carreras de Administraci\u00f3n, Contador P\u00fablico, Sistemas Computacionales, Mecatr\u00f3nica, as\u00ed como de la Ingenier\u00eda en Industrias Alimentarias, presenciaron con atenci\u00f3n la din\u00e1mica conferencia, en la que se habl\u00f3 de generar tecnolog\u00eda para el campo, por ello, se requiere que los j\u00f3venes profesionistas comiencen a ver a este sector con uno de los sectores en donde tienen que participar.<\/p>\n<p>Destac\u00f3 el funcionario estatal que el campo es un gran negocio si se considera que en el a\u00f1o 2050 se estima que existir\u00e1 una poblaci\u00f3n mucho mayor, pero la capacidad de incrementar la producci\u00f3n es de un rango menor, por ello la posibilidad de que los alimentos se vayan encareciendo, es ah\u00ed donde los j\u00f3venes profesionistas pueden intervenir con el desarrollo de aplicaciones, generaci\u00f3n de implementos y maquinaria tecnificada que permita una mejor funcionalidad de este sector.<\/p>\n<p>El director del plantel, Benito Ju\u00e1rez Trejo, dijo que en el Tecnol\u00f3gico de Jerez existe ese talento y visi\u00f3n por parte de los alumnos que d\u00eda a d\u00eda se desarrollan acad\u00e9micamente con el apoyo de los docentes.<\/p>\n<p>Expres\u00f3 la importancia de que gobierno estatal y municipal le apuesten a ese talento de los j\u00f3venes y al Tecnol\u00f3gico de Jerez, porque, precisamente el a\u00f1o 2019 se presento un prototipo en el Evento Nacional Estudiantil de Innovaci\u00f3n Tecnol\u00f3gica y este municipio fue el \u00fanico del estado que logro calificar un proyecto de innovaci\u00f3n a nivel nacional a trav\u00e9s de alumnos del ITSJ.<\/p>\n","protected":false},"excerpt":{"rendered":"<div class=\"mh-excerpt\"><p>&#8211; Los j\u00f3venes pilar importante para la actualizaci\u00f3n del campo Adolfo Bonilla G\u00f3mez titular de la Secretar\u00eda del Campo imparti\u00f3 la conferencia \u201cEl Campo es <a class=\"mh-excerpt-more\" href=\"https:\/\/raicesjerezanas.com\/?p=16410\" title=\"ALUMNOS DEL TEC DE JEREZ PARTICIPAN EN CONFERENCIA IMPARTIDA POR SECAMPO\">&#8230;<\/a><\/p>\n<\/div>","protected":false},"author":1,"featured_media":16411,"comment_status":"closed","ping_status":"closed","sticky":false,"template":"","format":"standard","meta":{"footnotes":""},"categories":[102],"tags":[],"class_list":["post-16410","post","type-post","status-publish","format-standard","has-post-thumbnail","hentry","category-noticias-de-jerez"],"_links":{"self":[{"href":"https:\/\/raicesjerezanas.com\/index.php?rest_route=\/wp\/v2\/posts\/16410","targetHints":{"allow":["GET"]}}],"collection":[{"href":"https:\/\/raicesjerezanas.com\/index.php?rest_route=\/wp\/v2\/posts"}],"about":[{"href":"https:\/\/raicesjerezanas.com\/index.php?rest_route=\/wp\/v2\/types\/post"}],"author":[{"embeddable":true,"href":"https:\/\/raicesjerezanas.com\/index.php?rest_route=\/wp\/v2\/users\/1"}],"replies":[{"embeddable":true,"href":"https:\/\/raicesjerezanas.com\/index.php?rest_route=%2Fwp%2Fv2%2Fcomments&post=16410"}],"version-history":[{"count":0,"href":"https:\/\/raicesjerezanas.com\/index.php?rest_route=\/wp\/v2\/posts\/16410\/revisions"}],"wp:featuredmedia":[{"embeddable":true,"href":"https:\/\/raicesjerezanas.com\/index.php?rest_route=\/wp\/v2\/media\/16411"}],"wp:attachment":[{"href":"https:\/\/raicesjerezanas.com\/index.php?rest_route=%2Fwp%2Fv2%2Fmedia&parent=16410"}],"wp:term":[{"taxonomy":"category","embeddable":true,"href":"https:\/\/raicesjerezanas.com\/index.php?rest_route=%2Fwp%2Fv2%2Fcategories&post=16410"},{"taxonomy":"post_tag","embeddable":true,"href":"https:\/\/raicesjerezanas.com\/index.php?rest_route=%2Fwp%2Fv2%2Ftags&post=16410"}],"curies":[{"name":"wp","href":"https:\/\/api.w.org\/{rel}","templated":true}]}}