{"id":16465,"date":"2020-03-12T18:09:21","date_gmt":"2020-03-13T00:09:21","guid":{"rendered":"https:\/\/enconecte.com\/?p=16465"},"modified":"2023-07-14T04:25:43","modified_gmt":"2023-07-14T04:25:43","slug":"instalaran-antena-de-telefonia-celular-en-ermita-de-los-correa","status":"publish","type":"post","link":"https:\/\/raicesjerezanas.com\/?p=16465","title":{"rendered":"INSTALAR\u00c1N ANTENA DE TELEFON\u00cdA CELULAR EN ERMITA DE LOS CORREA"},"content":{"rendered":"<p>En Sesi\u00f3n Extraordinaria de Cabildo, se aprob\u00f3 la firma de convenio con Gobierno del Estado a trav\u00e9s de la Secretar\u00eda de Econom\u00eda para la instalaci\u00f3n de una antena que ampliar\u00e1 la se\u00f1al de telefon\u00eda celular en Ermita de los Correa, con una inversi\u00f3n de 406 mil pesos.<\/p>\n<p>Para tal fin, el Gobierno de Antonio Aceves S\u00e1nchez se comprometi\u00f3 con la gesti\u00f3n de un terreno de al menos 30&#215;30 metros para instalar la torre de telecomunicaciones y la construcci\u00f3n del cerco perimetral correspondiente.<\/p>\n<p>Asimismo ser\u00e1 responsable del mantenimiento del equipo e infraestructura de manera permanente y del gasto de energ\u00eda el\u00e9ctrica con la finalidad de obtener un buen servicio de telefon\u00eda para la comunidad.<\/p>\n<p>Aceves S\u00e1nchez reiter\u00f3 su compromiso de trabajar en unidad con los tres \u00f3rdenes de gobierno para poder cubrir esta necesidad que ha sido expresada por la comunidad desde hace muchos a\u00f1os.<\/p>\n","protected":false},"excerpt":{"rendered":"<div class=\"mh-excerpt\"><p>En Sesi\u00f3n Extraordinaria de Cabildo, se aprob\u00f3 la firma de convenio con Gobierno del Estado a trav\u00e9s de la Secretar\u00eda de Econom\u00eda para la instalaci\u00f3n <a class=\"mh-excerpt-more\" href=\"https:\/\/raicesjerezanas.com\/?p=16465\" title=\"INSTALAR\u00c1N ANTENA DE TELEFON\u00cdA CELULAR EN ERMITA DE LOS CORREA\">&#8230;<\/a><\/p>\n<\/div>","protected":false},"author":1,"featured_media":16466,"comment_status":"closed","ping_status":"closed","sticky":false,"template":"","format":"standard","meta":{"footnotes":""},"categories":[102],"tags":[],"class_list":["post-16465","post","type-post","status-publish","format-standard","has-post-thumbnail","hentry","category-noticias-de-jerez"],"_links":{"self":[{"href":"https:\/\/raicesjerezanas.com\/index.php?rest_route=\/wp\/v2\/posts\/16465","targetHints":{"allow":["GET"]}}],"collection":[{"href":"https:\/\/raicesjerezanas.com\/index.php?rest_route=\/wp\/v2\/posts"}],"about":[{"href":"https:\/\/raicesjerezanas.com\/index.php?rest_route=\/wp\/v2\/types\/post"}],"author":[{"embeddable":true,"href":"https:\/\/raicesjerezanas.com\/index.php?rest_route=\/wp\/v2\/users\/1"}],"replies":[{"embeddable":true,"href":"https:\/\/raicesjerezanas.com\/index.php?rest_route=%2Fwp%2Fv2%2Fcomments&post=16465"}],"version-history":[{"count":0,"href":"https:\/\/raicesjerezanas.com\/index.php?rest_route=\/wp\/v2\/posts\/16465\/revisions"}],"wp:featuredmedia":[{"embeddable":true,"href":"https:\/\/raicesjerezanas.com\/index.php?rest_route=\/wp\/v2\/media\/16466"}],"wp:attachment":[{"href":"https:\/\/raicesjerezanas.com\/index.php?rest_route=%2Fwp%2Fv2%2Fmedia&parent=16465"}],"wp:term":[{"taxonomy":"category","embeddable":true,"href":"https:\/\/raicesjerezanas.com\/index.php?rest_route=%2Fwp%2Fv2%2Fcategories&post=16465"},{"taxonomy":"post_tag","embeddable":true,"href":"https:\/\/raicesjerezanas.com\/index.php?rest_route=%2Fwp%2Fv2%2Ftags&post=16465"}],"curies":[{"name":"wp","href":"https:\/\/api.w.org\/{rel}","templated":true}]}}