{"id":16499,"date":"2020-03-18T12:37:21","date_gmt":"2020-03-18T18:37:21","guid":{"rendered":"https:\/\/enconecte.com\/?p=16499"},"modified":"2023-07-14T04:25:42","modified_gmt":"2023-07-14T04:25:42","slug":"comite-municipal-de-salud-acuerda-estrategias-para-hacer-frente-al-covid-19-en-jerez","status":"publish","type":"post","link":"https:\/\/raicesjerezanas.com\/?p=16499","title":{"rendered":"COMIT\u00c9 MUNICIPAL DE SALUD ACUERDA ESTRATEGIAS PARA HACER FRENTE AL COVID-19 EN JEREZ"},"content":{"rendered":"<p>El Comit\u00e9 Municipal de Salud se reuni\u00f3 para acordar y afianzar estrategias coordinadas entre todos los sectores de la poblaci\u00f3n, que hagan frente a la situaci\u00f3n sanitaria que prepondera en el pa\u00eds por la presencia del Coronavirus (Covid-19).<\/p>\n<p>El Secretario de Gobierno Liborio Carrillo Castro, enfatiz\u00f3 que la lucha debe ser conjunta entre autoridades y sociedad, actuando con responsabilidad y sensibilidad aportando en lo individual y lo conjunto lo que corresponde, ya que es un problema de salud p\u00fablica y seguridad nacional.<\/p>\n<p>Ante el Comit\u00e9 expuso las 12 acciones principales que el Ayuntamiento, por instrucciones del Alcalde Antonio Aceves S\u00e1nchez, estar\u00e1 llevando a cabo como evitar eventos de aglomeraci\u00f3n, suspensi\u00f3n de toda actividad deportiva, la colocaci\u00f3n de filtros o m\u00f3dulos de revisi\u00f3n en instituciones p\u00fablicas, procurando establecer guardias en centros de trabajo y la estricta limpieza de sus instalaciones.<\/p>\n<p>Las jefas de familia tendr\u00e1n prioridad en estas guardias laborales, mientras que a los adultos mayores se les brindar\u00e1 mayor atenci\u00f3n, as\u00ed como habr\u00e1 una campa\u00f1a constante de concientizaci\u00f3n entre la poblaci\u00f3n acerca de la importancia del tema, adem\u00e1s de un monitoreo e informaci\u00f3n en tiempo real del avance del virus.<\/p>\n<p>Tambi\u00e9n se analizar\u00e1 la reubicaci\u00f3n del tianguis dominical a la explanada de la Feria, y autoridades de salud girar\u00e1n indicaciones a negocios como restaurantes, central camionera y hoteles para que cuenten con medidas sanitizantes en sus espacios.<\/p>\n<p>Se estar\u00e1 en comunicaci\u00f3n directa con actores sociales y sectoriales para invitarlos a coadyuvar en los esfuerzos, entre ellos los delegados de colonias y comunidades a fin de tomar medidas preventivas y detectar casos sospechosos en sus \u00e1reas habitacionales, con su respectiva canalizaci\u00f3n a unidades m\u00e9dicas capacitadas.<\/p>\n<p>En la reuni\u00f3n estuvieron presentes Patricia Sandoval Blanco, representante de la Jurisdicci\u00f3n Sanitaria 06, Oscar Eduardo El\u00edas Ben\u00edtez, directivo del Hospital General, Aracely Salas Acevedo, encargada de la Jefatura de Salud del DIF Municipal, Roberto Rosales Col\u00f3n, jefe de la Unidad de Protecci\u00f3n Civil y Fernando S\u00e1nchez Carrillo, presidente de la Delegaci\u00f3n de Jerez de la C\u00e1mara de Comercio Nacional (CANACO).<\/p>\n","protected":false},"excerpt":{"rendered":"<div class=\"mh-excerpt\"><p>El Comit\u00e9 Municipal de Salud se reuni\u00f3 para acordar y afianzar estrategias coordinadas entre todos los sectores de la poblaci\u00f3n, que hagan frente a la <a class=\"mh-excerpt-more\" href=\"https:\/\/raicesjerezanas.com\/?p=16499\" title=\"COMIT\u00c9 MUNICIPAL DE SALUD ACUERDA ESTRATEGIAS PARA HACER FRENTE AL COVID-19 EN JEREZ\">&#8230;<\/a><\/p>\n<\/div>","protected":false},"author":1,"featured_media":16500,"comment_status":"closed","ping_status":"closed","sticky":false,"template":"","format":"standard","meta":{"footnotes":""},"categories":[102],"tags":[],"class_list":["post-16499","post","type-post","status-publish","format-standard","has-post-thumbnail","hentry","category-noticias-de-jerez"],"_links":{"self":[{"href":"https:\/\/raicesjerezanas.com\/index.php?rest_route=\/wp\/v2\/posts\/16499","targetHints":{"allow":["GET"]}}],"collection":[{"href":"https:\/\/raicesjerezanas.com\/index.php?rest_route=\/wp\/v2\/posts"}],"about":[{"href":"https:\/\/raicesjerezanas.com\/index.php?rest_route=\/wp\/v2\/types\/post"}],"author":[{"embeddable":true,"href":"https:\/\/raicesjerezanas.com\/index.php?rest_route=\/wp\/v2\/users\/1"}],"replies":[{"embeddable":true,"href":"https:\/\/raicesjerezanas.com\/index.php?rest_route=%2Fwp%2Fv2%2Fcomments&post=16499"}],"version-history":[{"count":0,"href":"https:\/\/raicesjerezanas.com\/index.php?rest_route=\/wp\/v2\/posts\/16499\/revisions"}],"wp:featuredmedia":[{"embeddable":true,"href":"https:\/\/raicesjerezanas.com\/index.php?rest_route=\/wp\/v2\/media\/16500"}],"wp:attachment":[{"href":"https:\/\/raicesjerezanas.com\/index.php?rest_route=%2Fwp%2Fv2%2Fmedia&parent=16499"}],"wp:term":[{"taxonomy":"category","embeddable":true,"href":"https:\/\/raicesjerezanas.com\/index.php?rest_route=%2Fwp%2Fv2%2Fcategories&post=16499"},{"taxonomy":"post_tag","embeddable":true,"href":"https:\/\/raicesjerezanas.com\/index.php?rest_route=%2Fwp%2Fv2%2Ftags&post=16499"}],"curies":[{"name":"wp","href":"https:\/\/api.w.org\/{rel}","templated":true}]}}