{"id":16501,"date":"2020-03-16T12:41:45","date_gmt":"2020-03-16T18:41:45","guid":{"rendered":"https:\/\/enconecte.com\/?p=16501"},"modified":"2023-07-14T04:25:42","modified_gmt":"2023-07-14T04:25:42","slug":"promueven-prevencion-del-delito-entre-estudiantes","status":"publish","type":"post","link":"https:\/\/raicesjerezanas.com\/?p=16501","title":{"rendered":"PROMUEVEN PREVENCI\u00d3N DEL DELITO ENTRE ESTUDIANTES"},"content":{"rendered":"<p>Dentro del programa de Orientaci\u00f3n y Prevenci\u00f3n del Delito, la Direcci\u00f3n de Seguridad P\u00fablica Municipal (DSPM) SA seguimiento a La prevenci\u00f3n tambi\u00e9n es diversi\u00f3n, conferencia interactiva dirigida a estudiantes de educaci\u00f3n b\u00e1sica y media superior.<\/p>\n<p>M\u00e1s de 150 alumnos de distintas instituciones educativas han formado parte de la din\u00e1mica con temas enfocados a tipos de violencia, bullying, valores, funciones policiales, as\u00ed como actos y consecuencias jur\u00eddicas.<\/p>\n<p>Esto en seguimiento al compromiso del Alcalde Antonio Aceves S\u00e1nchez de ejecutar estrategias que fortalezcan la seguridad en ni\u00f1os y j\u00f3venes jerezanos, quienes deben saber c\u00f3mo actuar ante problem\u00e1ticas sociales que puedan conllevar un delito.<\/p>\n<p>La estrategia se llevar\u00e1 al mayor n\u00famero de planteles en conjunto con las autoridades educativas, que refuerzan los conocimientos de los j\u00f3venes en sus din\u00e1micas escolares diarias.<\/p>\n","protected":false},"excerpt":{"rendered":"<div class=\"mh-excerpt\"><p>Dentro del programa de Orientaci\u00f3n y Prevenci\u00f3n del Delito, la Direcci\u00f3n de Seguridad P\u00fablica Municipal (DSPM) SA seguimiento a La prevenci\u00f3n tambi\u00e9n es diversi\u00f3n, conferencia <a class=\"mh-excerpt-more\" href=\"https:\/\/raicesjerezanas.com\/?p=16501\" title=\"PROMUEVEN PREVENCI\u00d3N DEL DELITO ENTRE ESTUDIANTES\">&#8230;<\/a><\/p>\n<\/div>","protected":false},"author":1,"featured_media":16502,"comment_status":"closed","ping_status":"closed","sticky":false,"template":"","format":"standard","meta":{"footnotes":""},"categories":[102],"tags":[],"class_list":["post-16501","post","type-post","status-publish","format-standard","has-post-thumbnail","hentry","category-noticias-de-jerez"],"_links":{"self":[{"href":"https:\/\/raicesjerezanas.com\/index.php?rest_route=\/wp\/v2\/posts\/16501","targetHints":{"allow":["GET"]}}],"collection":[{"href":"https:\/\/raicesjerezanas.com\/index.php?rest_route=\/wp\/v2\/posts"}],"about":[{"href":"https:\/\/raicesjerezanas.com\/index.php?rest_route=\/wp\/v2\/types\/post"}],"author":[{"embeddable":true,"href":"https:\/\/raicesjerezanas.com\/index.php?rest_route=\/wp\/v2\/users\/1"}],"replies":[{"embeddable":true,"href":"https:\/\/raicesjerezanas.com\/index.php?rest_route=%2Fwp%2Fv2%2Fcomments&post=16501"}],"version-history":[{"count":0,"href":"https:\/\/raicesjerezanas.com\/index.php?rest_route=\/wp\/v2\/posts\/16501\/revisions"}],"wp:featuredmedia":[{"embeddable":true,"href":"https:\/\/raicesjerezanas.com\/index.php?rest_route=\/wp\/v2\/media\/16502"}],"wp:attachment":[{"href":"https:\/\/raicesjerezanas.com\/index.php?rest_route=%2Fwp%2Fv2%2Fmedia&parent=16501"}],"wp:term":[{"taxonomy":"category","embeddable":true,"href":"https:\/\/raicesjerezanas.com\/index.php?rest_route=%2Fwp%2Fv2%2Fcategories&post=16501"},{"taxonomy":"post_tag","embeddable":true,"href":"https:\/\/raicesjerezanas.com\/index.php?rest_route=%2Fwp%2Fv2%2Ftags&post=16501"}],"curies":[{"name":"wp","href":"https:\/\/api.w.org\/{rel}","templated":true}]}}