{"id":16503,"date":"2020-03-14T12:43:33","date_gmt":"2020-03-14T18:43:33","guid":{"rendered":"https:\/\/enconecte.com\/?p=16503"},"modified":"2023-07-14T04:25:42","modified_gmt":"2023-07-14T04:25:42","slug":"inauguran-segunda-feria-estatal-de-la-artesania-en-jerez","status":"publish","type":"post","link":"https:\/\/raicesjerezanas.com\/?p=16503","title":{"rendered":"INAUGURAN SEGUNDA FERIA ESTATAL DE LA ARTESAN\u00cdA EN JEREZ"},"content":{"rendered":"<p>Con la participaci\u00f3n de 58 expositores de todo el estado, se inaugur\u00f3 en Jerez la Segunda Feria Estatal de la Artesan\u00eda, para promover la creaci\u00f3n de piezas \u00fanicas que dan identidad a los pueblos y ciudades de M\u00e9xico.<\/p>\n<p>En el marco del D\u00eda del Artesano que se celebra el 19 de marzo, la Subsecretar\u00eda de Desarrollo Artesanal del Gobierno del Estado y el Ayuntamiento a trav\u00e9s del Departamento de Turismo Municipal, organizaron la expo venta en la Plaza Principal del Pueblo M\u00e1gico.<\/p>\n<p>En total se instalaron 19 artesanos locales, 15 de todo el estado, los cinco Pueblos M\u00e1gicos, Ojocaliente y como invitado especial, Jim\u00e9nez del Te\u00fal.<\/p>\n<p>A nombre del Alcalde Antonio Aceves S\u00e1nchez, el Director de Desarrollo Econ\u00f3mico y Social Octavio de la Torre Jim\u00e9nez, agradeci\u00f3 la presencia de los participantes en esta Feria que demuestra c\u00f3mo unidos se enriquece el potencial art\u00edstico de la entidad.<\/p>\n<p>Rosa Elvira Campos, Subsecretaria de Desarrollo Artesanal, reconoci\u00f3 el gran talento de los artesanos zacatecanos que brindan a los compradores un pedacito de su tierra en cada pieza.<\/p>\n<p>En la inauguraci\u00f3n tambi\u00e9n estuvieron presentes Alba Dena Pereyra, Jefa de Turismo Municipal, Gerardo Ram\u00edrez, Coordinador Estatal de Pueblos M\u00e1gicos de la Secretar\u00eda de Turismo del Estado (SECTURZ) y Victoriana Espinoza, Presidenta Municipal de Jim\u00e9nez del Te\u00fal.<\/p>\n","protected":false},"excerpt":{"rendered":"<div class=\"mh-excerpt\"><p>Con la participaci\u00f3n de 58 expositores de todo el estado, se inaugur\u00f3 en Jerez la Segunda Feria Estatal de la Artesan\u00eda, para promover la creaci\u00f3n <a class=\"mh-excerpt-more\" href=\"https:\/\/raicesjerezanas.com\/?p=16503\" title=\"INAUGURAN SEGUNDA FERIA ESTATAL DE LA ARTESAN\u00cdA EN JEREZ\">&#8230;<\/a><\/p>\n<\/div>","protected":false},"author":1,"featured_media":16504,"comment_status":"closed","ping_status":"closed","sticky":false,"template":"","format":"standard","meta":{"footnotes":""},"categories":[102],"tags":[],"class_list":["post-16503","post","type-post","status-publish","format-standard","has-post-thumbnail","hentry","category-noticias-de-jerez"],"_links":{"self":[{"href":"https:\/\/raicesjerezanas.com\/index.php?rest_route=\/wp\/v2\/posts\/16503","targetHints":{"allow":["GET"]}}],"collection":[{"href":"https:\/\/raicesjerezanas.com\/index.php?rest_route=\/wp\/v2\/posts"}],"about":[{"href":"https:\/\/raicesjerezanas.com\/index.php?rest_route=\/wp\/v2\/types\/post"}],"author":[{"embeddable":true,"href":"https:\/\/raicesjerezanas.com\/index.php?rest_route=\/wp\/v2\/users\/1"}],"replies":[{"embeddable":true,"href":"https:\/\/raicesjerezanas.com\/index.php?rest_route=%2Fwp%2Fv2%2Fcomments&post=16503"}],"version-history":[{"count":0,"href":"https:\/\/raicesjerezanas.com\/index.php?rest_route=\/wp\/v2\/posts\/16503\/revisions"}],"wp:featuredmedia":[{"embeddable":true,"href":"https:\/\/raicesjerezanas.com\/index.php?rest_route=\/wp\/v2\/media\/16504"}],"wp:attachment":[{"href":"https:\/\/raicesjerezanas.com\/index.php?rest_route=%2Fwp%2Fv2%2Fmedia&parent=16503"}],"wp:term":[{"taxonomy":"category","embeddable":true,"href":"https:\/\/raicesjerezanas.com\/index.php?rest_route=%2Fwp%2Fv2%2Fcategories&post=16503"},{"taxonomy":"post_tag","embeddable":true,"href":"https:\/\/raicesjerezanas.com\/index.php?rest_route=%2Fwp%2Fv2%2Ftags&post=16503"}],"curies":[{"name":"wp","href":"https:\/\/api.w.org\/{rel}","templated":true}]}}