{"id":16505,"date":"2020-03-13T12:46:10","date_gmt":"2020-03-13T18:46:10","guid":{"rendered":"https:\/\/enconecte.com\/?p=16505"},"modified":"2023-07-14T04:25:43","modified_gmt":"2023-07-14T04:25:43","slug":"concientizan-a-jerezanos-sobre-salud-renal","status":"publish","type":"post","link":"https:\/\/raicesjerezanas.com\/?p=16505","title":{"rendered":"CONCIENTIZAN A JEREZANOS SOBRE SALUD RENAL"},"content":{"rendered":"<p>Con motivo del D\u00eda Internacional del Ri\u00f1\u00f3n, el DIF Municipal de Jerez entreg\u00f3 medicamentos gratuitos para enfermedades renales.<\/p>\n<p>A trav\u00e9s de la Jefatura de Salud, en la Plaza Principal se donaron cajas de di\u00e1lisis verde, amarilla, azul y roja, adem\u00e1s de brindar informaci\u00f3n preventiva relacionada con padecimientos del ri\u00f1\u00f3n que de manera cong\u00e9nita, se presentan frecuentemente en ni\u00f1os y j\u00f3venes.<\/p>\n<p>Uno de sus principales problemas es la ausencia de sintomatolog\u00eda, por lo que Araceli Salas, titular del \u00e1rea, invit\u00f3 a los ciudadanos a la conferencia sobre problemas y prevenci\u00f3n de la insuficiencia renal a cargo del Internista Fabi\u00e1n de Haro el pr\u00f3ximo 17 de marzo a las 10 am en el teatro Hinojosa.<\/p>\n","protected":false},"excerpt":{"rendered":"<div class=\"mh-excerpt\"><p>Con motivo del D\u00eda Internacional del Ri\u00f1\u00f3n, el DIF Municipal de Jerez entreg\u00f3 medicamentos gratuitos para enfermedades renales. A trav\u00e9s de la Jefatura de Salud, <a class=\"mh-excerpt-more\" href=\"https:\/\/raicesjerezanas.com\/?p=16505\" title=\"CONCIENTIZAN A JEREZANOS SOBRE SALUD RENAL\">&#8230;<\/a><\/p>\n<\/div>","protected":false},"author":1,"featured_media":16506,"comment_status":"closed","ping_status":"closed","sticky":false,"template":"","format":"standard","meta":{"footnotes":""},"categories":[102],"tags":[],"class_list":["post-16505","post","type-post","status-publish","format-standard","has-post-thumbnail","hentry","category-noticias-de-jerez"],"_links":{"self":[{"href":"https:\/\/raicesjerezanas.com\/index.php?rest_route=\/wp\/v2\/posts\/16505","targetHints":{"allow":["GET"]}}],"collection":[{"href":"https:\/\/raicesjerezanas.com\/index.php?rest_route=\/wp\/v2\/posts"}],"about":[{"href":"https:\/\/raicesjerezanas.com\/index.php?rest_route=\/wp\/v2\/types\/post"}],"author":[{"embeddable":true,"href":"https:\/\/raicesjerezanas.com\/index.php?rest_route=\/wp\/v2\/users\/1"}],"replies":[{"embeddable":true,"href":"https:\/\/raicesjerezanas.com\/index.php?rest_route=%2Fwp%2Fv2%2Fcomments&post=16505"}],"version-history":[{"count":0,"href":"https:\/\/raicesjerezanas.com\/index.php?rest_route=\/wp\/v2\/posts\/16505\/revisions"}],"wp:featuredmedia":[{"embeddable":true,"href":"https:\/\/raicesjerezanas.com\/index.php?rest_route=\/wp\/v2\/media\/16506"}],"wp:attachment":[{"href":"https:\/\/raicesjerezanas.com\/index.php?rest_route=%2Fwp%2Fv2%2Fmedia&parent=16505"}],"wp:term":[{"taxonomy":"category","embeddable":true,"href":"https:\/\/raicesjerezanas.com\/index.php?rest_route=%2Fwp%2Fv2%2Fcategories&post=16505"},{"taxonomy":"post_tag","embeddable":true,"href":"https:\/\/raicesjerezanas.com\/index.php?rest_route=%2Fwp%2Fv2%2Ftags&post=16505"}],"curies":[{"name":"wp","href":"https:\/\/api.w.org\/{rel}","templated":true}]}}