{"id":16508,"date":"2020-03-13T12:49:39","date_gmt":"2020-03-13T18:49:39","guid":{"rendered":"https:\/\/enconecte.com\/?p=16508"},"modified":"2023-07-14T04:25:43","modified_gmt":"2023-07-14T04:25:43","slug":"con-activacion-fisica-culmina-conmemoracion-del-dia-internacional-de-la-mujer","status":"publish","type":"post","link":"https:\/\/raicesjerezanas.com\/?p=16508","title":{"rendered":"CON ACTIVACI\u00d3N F\u00cdSICA CULMINA CONMEMORACI\u00d3N DEL D\u00cdA INTERNACIONAL DE LA MUJER"},"content":{"rendered":"<p>Con activaci\u00f3n f\u00edsica de zumba, el Instituto de la Mujer Jerezana (INMUJE) culmin\u00f3 el programa de conmemoraci\u00f3n por el D\u00eda Internacional de la Mujer.<\/p>\n<p>\u00abEsta fecha debe estar presente en la vida diaria de toda sociedad para no olvidar la lucha y sacrificios de las mujeres del pasado por darles a las de hoy derechos leg\u00edtimos\u00bb, manifest\u00f3 la titular del INMUJE Griselda Salcedo Ibarra.<\/p>\n<p>Agradeci\u00f3 al Alcalde Antonio Aceves S\u00e1nchez y a la Presidenta Honor\u00edfica del DIF Municipal, Nayeli \u00c1lvarez Haro, por apoyar este esfuerzo para promover la equidad de g\u00e9nero en Jerez.<\/p>\n<p>Cerca de 80 funcionarias se distintas \u00e1reas se reunieron en la plaza Tacuba para participar en la sesi\u00f3n de zumba dirigida por la Compa\u00f1\u00eda de Baile Cecilia Delgado, con la se busc\u00f3 la estimulaci\u00f3n de h\u00e1bitos de salud por medio de activaci\u00f3n f\u00edsica.<\/p>\n<p>Asimismo, participaron las candidatas a Reina de la Feria de Primavera Jerez 2020 Karina, Galilea y Mariana.<\/p>\n","protected":false},"excerpt":{"rendered":"<div class=\"mh-excerpt\"><p>Con activaci\u00f3n f\u00edsica de zumba, el Instituto de la Mujer Jerezana (INMUJE) culmin\u00f3 el programa de conmemoraci\u00f3n por el D\u00eda Internacional de la Mujer. \u00abEsta <a class=\"mh-excerpt-more\" href=\"https:\/\/raicesjerezanas.com\/?p=16508\" title=\"CON ACTIVACI\u00d3N F\u00cdSICA CULMINA CONMEMORACI\u00d3N DEL D\u00cdA INTERNACIONAL DE LA MUJER\">&#8230;<\/a><\/p>\n<\/div>","protected":false},"author":1,"featured_media":16509,"comment_status":"closed","ping_status":"closed","sticky":false,"template":"","format":"standard","meta":{"footnotes":""},"categories":[102],"tags":[],"class_list":["post-16508","post","type-post","status-publish","format-standard","has-post-thumbnail","hentry","category-noticias-de-jerez"],"_links":{"self":[{"href":"https:\/\/raicesjerezanas.com\/index.php?rest_route=\/wp\/v2\/posts\/16508","targetHints":{"allow":["GET"]}}],"collection":[{"href":"https:\/\/raicesjerezanas.com\/index.php?rest_route=\/wp\/v2\/posts"}],"about":[{"href":"https:\/\/raicesjerezanas.com\/index.php?rest_route=\/wp\/v2\/types\/post"}],"author":[{"embeddable":true,"href":"https:\/\/raicesjerezanas.com\/index.php?rest_route=\/wp\/v2\/users\/1"}],"replies":[{"embeddable":true,"href":"https:\/\/raicesjerezanas.com\/index.php?rest_route=%2Fwp%2Fv2%2Fcomments&post=16508"}],"version-history":[{"count":0,"href":"https:\/\/raicesjerezanas.com\/index.php?rest_route=\/wp\/v2\/posts\/16508\/revisions"}],"wp:featuredmedia":[{"embeddable":true,"href":"https:\/\/raicesjerezanas.com\/index.php?rest_route=\/wp\/v2\/media\/16509"}],"wp:attachment":[{"href":"https:\/\/raicesjerezanas.com\/index.php?rest_route=%2Fwp%2Fv2%2Fmedia&parent=16508"}],"wp:term":[{"taxonomy":"category","embeddable":true,"href":"https:\/\/raicesjerezanas.com\/index.php?rest_route=%2Fwp%2Fv2%2Fcategories&post=16508"},{"taxonomy":"post_tag","embeddable":true,"href":"https:\/\/raicesjerezanas.com\/index.php?rest_route=%2Fwp%2Fv2%2Ftags&post=16508"}],"curies":[{"name":"wp","href":"https:\/\/api.w.org\/{rel}","templated":true}]}}