{"id":16510,"date":"2020-03-13T12:51:40","date_gmt":"2020-03-13T18:51:40","guid":{"rendered":"https:\/\/enconecte.com\/?p=16510"},"modified":"2023-07-14T04:25:43","modified_gmt":"2023-07-14T04:25:43","slug":"proyectan-el-discurso-del-rey-en-cine-de-la-calle-del-espejo","status":"publish","type":"post","link":"https:\/\/raicesjerezanas.com\/?p=16510","title":{"rendered":"PROYECTAN EL DISCURSO DEL REY EN CINE DE LA CALLE DEL ESPEJO"},"content":{"rendered":"<p>Contin\u00faa la convivencia familiar y entre amigos con las proyecciones del Cine de la calle Del Espejo, organizadas por el Departamento de Turismo Municipal.<\/p>\n<p>El Discurso del Rey, drama e historia brit\u00e1nica de Helena Bonham Carter, reuni\u00f3 a jerezanos en la Botica del Caf\u00e9, empresa local que colabora con el Ayuntamiento a favor de la sana convivencia social con actividades gratuitas y de calidad.<\/p>\n<p>El pr\u00f3ximo 19 de marzo se exhibir\u00e1 Am\u00e9lie y el jueves 26, la comedia musical Mamma M\u00eda!.<\/p>\n<p>Durante abril se cancelar\u00e1n las proyecciones, pero en mayo se reactivar\u00e1n con el anuncio previo del lugar, hora, fecha y cartelera semanal.<\/p>\n","protected":false},"excerpt":{"rendered":"<div class=\"mh-excerpt\"><p>Contin\u00faa la convivencia familiar y entre amigos con las proyecciones del Cine de la calle Del Espejo, organizadas por el Departamento de Turismo Municipal. El <a class=\"mh-excerpt-more\" href=\"https:\/\/raicesjerezanas.com\/?p=16510\" title=\"PROYECTAN EL DISCURSO DEL REY EN CINE DE LA CALLE DEL ESPEJO\">&#8230;<\/a><\/p>\n<\/div>","protected":false},"author":1,"featured_media":16511,"comment_status":"closed","ping_status":"closed","sticky":false,"template":"","format":"standard","meta":{"footnotes":""},"categories":[102],"tags":[],"class_list":["post-16510","post","type-post","status-publish","format-standard","has-post-thumbnail","hentry","category-noticias-de-jerez"],"_links":{"self":[{"href":"https:\/\/raicesjerezanas.com\/index.php?rest_route=\/wp\/v2\/posts\/16510","targetHints":{"allow":["GET"]}}],"collection":[{"href":"https:\/\/raicesjerezanas.com\/index.php?rest_route=\/wp\/v2\/posts"}],"about":[{"href":"https:\/\/raicesjerezanas.com\/index.php?rest_route=\/wp\/v2\/types\/post"}],"author":[{"embeddable":true,"href":"https:\/\/raicesjerezanas.com\/index.php?rest_route=\/wp\/v2\/users\/1"}],"replies":[{"embeddable":true,"href":"https:\/\/raicesjerezanas.com\/index.php?rest_route=%2Fwp%2Fv2%2Fcomments&post=16510"}],"version-history":[{"count":0,"href":"https:\/\/raicesjerezanas.com\/index.php?rest_route=\/wp\/v2\/posts\/16510\/revisions"}],"wp:featuredmedia":[{"embeddable":true,"href":"https:\/\/raicesjerezanas.com\/index.php?rest_route=\/wp\/v2\/media\/16511"}],"wp:attachment":[{"href":"https:\/\/raicesjerezanas.com\/index.php?rest_route=%2Fwp%2Fv2%2Fmedia&parent=16510"}],"wp:term":[{"taxonomy":"category","embeddable":true,"href":"https:\/\/raicesjerezanas.com\/index.php?rest_route=%2Fwp%2Fv2%2Fcategories&post=16510"},{"taxonomy":"post_tag","embeddable":true,"href":"https:\/\/raicesjerezanas.com\/index.php?rest_route=%2Fwp%2Fv2%2Ftags&post=16510"}],"curies":[{"name":"wp","href":"https:\/\/api.w.org\/{rel}","templated":true}]}}