{"id":16512,"date":"2020-03-14T10:52:58","date_gmt":"2020-03-14T16:52:58","guid":{"rendered":"https:\/\/enconecte.com\/?p=16512"},"modified":"2023-07-14T04:25:42","modified_gmt":"2023-07-14T04:25:42","slug":"inaugura-aceves-sanchez-obra-de-beneficio-social-en-cienega","status":"publish","type":"post","link":"https:\/\/raicesjerezanas.com\/?p=16512","title":{"rendered":"INAUGURA ACEVES S\u00c1NCHEZ OBRA DE BENEFICIO SOCIAL EN CI\u00c9NEGA"},"content":{"rendered":"<p>Con una inversi\u00f3n superior al medio mill\u00f3n de pesos, el Presidente Municipal Antonio Aceves, en compa\u00f1\u00eda del Secretario de Desarrollo Social del Gobierno del Estado, Roberto Lu\u00e9vano Ru\u00edz, entreg\u00f3 la ampliaci\u00f3n de la red de alcantarillado en la comunidad de Ci\u00e9nega.<\/p>\n<p>En total, la obra consta de 902 metros lineales en beneficio de 26 familias. La inversi\u00f3n total fue de 657 mil pesos, de los cuales el municipio aport\u00f3 525 mil 600 y el Estado 131 mil 400 pesos.<\/p>\n<p>Aceves S\u00e1nchez coment\u00f3 que su administraci\u00f3n trabaja por concretar obras que mejoren la calidad de vida de la ciudadan\u00eda, hecho satisfactorio que los impulsa a continuar con la gesti\u00f3n.<\/p>\n<p>Destac\u00f3 adem\u00e1s la participaci\u00f3n ciudadana que en este caso fue fundamental para realizar el proyecto.<\/p>\n<p>\u00abLa suma de esfuerzos hace posible que se den grandes resultados como lo estamos palpando hoy aqu\u00ed en esta comunidad\u201d, afirmo.<\/p>\n<p>Lu\u00e9vano Ru\u00edz reconoci\u00f3 el trabajo del alcalde y asegur\u00f3 que el Gobierno Estatal siempre respaldar\u00e1 las iniciativas que beneficien a quien m\u00e1s lo necesite.<\/p>\n<p>Rita Trujillo, Presidenta del Comit\u00e9 de Obra, agradeci\u00f3 que despu\u00e9s de muchos a\u00f1os los vecinos fueron escuchados sobre esta necesidad para las familias de la comunidad.<\/p>\n<p>\u00abNo queremos hablar mal de nadie, pero desde hace muchos a\u00f1os anteriores administraciones solo nos ilusionaban y no nos cumpl\u00edan, en esta ocasi\u00f3n fuimos atendidos por To\u00f1o Aceves y nos respondi\u00f3 con hechos, muchas gracias\u201d, finaliz\u00f3.<\/p>\n","protected":false},"excerpt":{"rendered":"<div class=\"mh-excerpt\"><p>Con una inversi\u00f3n superior al medio mill\u00f3n de pesos, el Presidente Municipal Antonio Aceves, en compa\u00f1\u00eda del Secretario de Desarrollo Social del Gobierno del Estado, <a class=\"mh-excerpt-more\" href=\"https:\/\/raicesjerezanas.com\/?p=16512\" title=\"INAUGURA ACEVES S\u00c1NCHEZ OBRA DE BENEFICIO SOCIAL EN CI\u00c9NEGA\">&#8230;<\/a><\/p>\n<\/div>","protected":false},"author":1,"featured_media":16513,"comment_status":"closed","ping_status":"closed","sticky":false,"template":"","format":"standard","meta":{"footnotes":""},"categories":[102],"tags":[],"class_list":["post-16512","post","type-post","status-publish","format-standard","has-post-thumbnail","hentry","category-noticias-de-jerez"],"_links":{"self":[{"href":"https:\/\/raicesjerezanas.com\/index.php?rest_route=\/wp\/v2\/posts\/16512","targetHints":{"allow":["GET"]}}],"collection":[{"href":"https:\/\/raicesjerezanas.com\/index.php?rest_route=\/wp\/v2\/posts"}],"about":[{"href":"https:\/\/raicesjerezanas.com\/index.php?rest_route=\/wp\/v2\/types\/post"}],"author":[{"embeddable":true,"href":"https:\/\/raicesjerezanas.com\/index.php?rest_route=\/wp\/v2\/users\/1"}],"replies":[{"embeddable":true,"href":"https:\/\/raicesjerezanas.com\/index.php?rest_route=%2Fwp%2Fv2%2Fcomments&post=16512"}],"version-history":[{"count":0,"href":"https:\/\/raicesjerezanas.com\/index.php?rest_route=\/wp\/v2\/posts\/16512\/revisions"}],"wp:featuredmedia":[{"embeddable":true,"href":"https:\/\/raicesjerezanas.com\/index.php?rest_route=\/wp\/v2\/media\/16513"}],"wp:attachment":[{"href":"https:\/\/raicesjerezanas.com\/index.php?rest_route=%2Fwp%2Fv2%2Fmedia&parent=16512"}],"wp:term":[{"taxonomy":"category","embeddable":true,"href":"https:\/\/raicesjerezanas.com\/index.php?rest_route=%2Fwp%2Fv2%2Fcategories&post=16512"},{"taxonomy":"post_tag","embeddable":true,"href":"https:\/\/raicesjerezanas.com\/index.php?rest_route=%2Fwp%2Fv2%2Ftags&post=16512"}],"curies":[{"name":"wp","href":"https:\/\/api.w.org\/{rel}","templated":true}]}}