{"id":16514,"date":"2020-03-12T12:54:36","date_gmt":"2020-03-12T18:54:36","guid":{"rendered":"https:\/\/enconecte.com\/?p=16514"},"modified":"2023-07-14T04:25:43","modified_gmt":"2023-07-14T04:25:43","slug":"benefician-a-jerezanos-con-enseres-domesticos","status":"publish","type":"post","link":"https:\/\/raicesjerezanas.com\/?p=16514","title":{"rendered":"BENEFICIAN A JEREZANOS CON ENSERES DOM\u00c9STICOS"},"content":{"rendered":"<p>El Presidente Municipal Antonio Aceves S\u00e1nchez acompa\u00f1\u00f3 al Secretario de Desarrollo Social (SEDESOL) del Gobierno del Estado, Roberto Lu\u00e9vano Ru\u00edz, a la entrega de 85 apoyos del programa UNE Equipa tu hogar y 26 de UNE De la mano contigo.<\/p>\n<p>El alcalde agradeci\u00f3 al Gobierno de Alejandro Tello por beneficiar a jerezanos en situaci\u00f3n de vulnerabilidad, que con los apoyos podr\u00e1n mejorar su calidad de vida.<\/p>\n<p>Por su parte, Li\u00e9vano Ru\u00edz se\u00f1al\u00f3 que la entrega es en virtud de solucionar las problem\u00e1ticas que padecen las familias, por lo que pidi\u00f3 a los beneficiarios cuidar los electrodom\u00e9sticos y hacer buen uso de ellos.<\/p>\n<p>La ciudadana Margarita Correa agradeci\u00f3 a las autoridades municipales y estatales a nombre de los beneficiarios por el apoyo que recibieron.<\/p>\n<p>Con el programa UNE Equipa tu hogar se repartieron lavadoras, refrigeradores y estufas, seg\u00fan la necesidad de cada familia. En el caso De la mano contigo, se repartieron dos montos bimestrales de 2 mil pesos a cada beneficiario.<\/p>\n<p>Vale hacer menci\u00f3n que el Gobierno Municipal canaliz\u00f3 36 apoyos a beneficiarios de comunidades.<\/p>\n","protected":false},"excerpt":{"rendered":"<div class=\"mh-excerpt\"><p>El Presidente Municipal Antonio Aceves S\u00e1nchez acompa\u00f1\u00f3 al Secretario de Desarrollo Social (SEDESOL) del Gobierno del Estado, Roberto Lu\u00e9vano Ru\u00edz, a la entrega de 85 <a class=\"mh-excerpt-more\" href=\"https:\/\/raicesjerezanas.com\/?p=16514\" title=\"BENEFICIAN A JEREZANOS CON ENSERES DOM\u00c9STICOS\">&#8230;<\/a><\/p>\n<\/div>","protected":false},"author":1,"featured_media":16515,"comment_status":"closed","ping_status":"closed","sticky":false,"template":"","format":"standard","meta":{"footnotes":""},"categories":[102],"tags":[],"class_list":["post-16514","post","type-post","status-publish","format-standard","has-post-thumbnail","hentry","category-noticias-de-jerez"],"_links":{"self":[{"href":"https:\/\/raicesjerezanas.com\/index.php?rest_route=\/wp\/v2\/posts\/16514","targetHints":{"allow":["GET"]}}],"collection":[{"href":"https:\/\/raicesjerezanas.com\/index.php?rest_route=\/wp\/v2\/posts"}],"about":[{"href":"https:\/\/raicesjerezanas.com\/index.php?rest_route=\/wp\/v2\/types\/post"}],"author":[{"embeddable":true,"href":"https:\/\/raicesjerezanas.com\/index.php?rest_route=\/wp\/v2\/users\/1"}],"replies":[{"embeddable":true,"href":"https:\/\/raicesjerezanas.com\/index.php?rest_route=%2Fwp%2Fv2%2Fcomments&post=16514"}],"version-history":[{"count":0,"href":"https:\/\/raicesjerezanas.com\/index.php?rest_route=\/wp\/v2\/posts\/16514\/revisions"}],"wp:featuredmedia":[{"embeddable":true,"href":"https:\/\/raicesjerezanas.com\/index.php?rest_route=\/wp\/v2\/media\/16515"}],"wp:attachment":[{"href":"https:\/\/raicesjerezanas.com\/index.php?rest_route=%2Fwp%2Fv2%2Fmedia&parent=16514"}],"wp:term":[{"taxonomy":"category","embeddable":true,"href":"https:\/\/raicesjerezanas.com\/index.php?rest_route=%2Fwp%2Fv2%2Fcategories&post=16514"},{"taxonomy":"post_tag","embeddable":true,"href":"https:\/\/raicesjerezanas.com\/index.php?rest_route=%2Fwp%2Fv2%2Ftags&post=16514"}],"curies":[{"name":"wp","href":"https:\/\/api.w.org\/{rel}","templated":true}]}}