{"id":16518,"date":"2020-03-12T11:58:31","date_gmt":"2020-03-12T17:58:31","guid":{"rendered":"https:\/\/enconecte.com\/?p=16518"},"modified":"2023-07-14T04:25:43","modified_gmt":"2023-07-14T04:25:43","slug":"entrega-aceves-sanchez-2-mil-489-uniformes-a-estudiantes-jerezanos","status":"publish","type":"post","link":"https:\/\/raicesjerezanas.com\/?p=16518","title":{"rendered":"ENTREGA ACEVES SANCHEZ 2 MIL 489 UNIFORMES A ESTUDIANTES JEREZANOS"},"content":{"rendered":"<p>Con la entrega de 33 uniformes en el Centro de Atenci\u00f3n M\u00faltiple de Educaci\u00f3n Especial 3 Mar\u00eda Montessori, culmin\u00f3 la primera etapa del programa Uniformes para Todos para alumnos de educaci\u00f3n b\u00e1sica en Jerez.<\/p>\n<p>En total se distribuyeron 2 mil 489 chamarras y pantalones deportivos en 55 primarias y 43 jardines de ni\u00f1os en comunidades rurales.<\/p>\n<p>Contento de finalizar esta fase de apoyos, el Presidente Municipal Antonio Aceves S\u00e1nchez, precis\u00f3 que el mayor de los beneficios es coadyuvar con la econom\u00eda de las familias y a los ni\u00f1os que ahora tienen uniformes de buena calidad.<\/p>\n<p>Indic\u00f3 que el programa lleg\u00f3 a una significativa cantidad de comunidades, donde la principal retribuci\u00f3n fue los rostros de felicidad de los peque\u00f1os que en su mayor\u00eda usar\u00e1n uniforme escolar por primera vez.<\/p>\n<p>A nombre de los alumnos, Juan Daniel Correa reconoci\u00f3 el trabajo y las estrategias de inclusi\u00f3n del actual Gobierno que contribuyen al fortalecimiento de la educaci\u00f3n en Jerez.<\/p>\n<p>Aceves S\u00e1nchez se comprometi\u00f3 con la Instituci\u00f3n a entregar pacas de alfalfa para alimentar a los equinos con los que se imparten terapias, adem\u00e1s de ceder a la solicitud de un pr\u00e9stamo para traslado y acondicionamiento de transporte escolar y la condonaci\u00f3n de un espacio para venta de alimentos el S\u00e1bado de Gloria.<\/p>\n<p>Tambi\u00e9n asistieron Nayeli \u00c1lvarez Haro Presidenta Honor\u00edfica del DIF Municipal, Octavio de la Torre Jim\u00e9nez, Director de Desarrollo Econ\u00f3mico y Social, Silvia Cabral Mu\u00f1oz, Coordinadora Municipal de Educaci\u00f3n, Am\u00e9rica del Socorro Sandoval Supervisora de Educaci\u00f3n Especial y Araceli D\u00edaz Salazar de la Asociaci\u00f3n de Padres de Familia.<\/p>\n","protected":false},"excerpt":{"rendered":"<div class=\"mh-excerpt\"><p>Con la entrega de 33 uniformes en el Centro de Atenci\u00f3n M\u00faltiple de Educaci\u00f3n Especial 3 Mar\u00eda Montessori, culmin\u00f3 la primera etapa del programa Uniformes <a class=\"mh-excerpt-more\" href=\"https:\/\/raicesjerezanas.com\/?p=16518\" title=\"ENTREGA ACEVES SANCHEZ 2 MIL 489 UNIFORMES A ESTUDIANTES JEREZANOS\">&#8230;<\/a><\/p>\n<\/div>","protected":false},"author":1,"featured_media":16519,"comment_status":"closed","ping_status":"closed","sticky":false,"template":"","format":"standard","meta":{"footnotes":""},"categories":[102],"tags":[],"class_list":["post-16518","post","type-post","status-publish","format-standard","has-post-thumbnail","hentry","category-noticias-de-jerez"],"_links":{"self":[{"href":"https:\/\/raicesjerezanas.com\/index.php?rest_route=\/wp\/v2\/posts\/16518","targetHints":{"allow":["GET"]}}],"collection":[{"href":"https:\/\/raicesjerezanas.com\/index.php?rest_route=\/wp\/v2\/posts"}],"about":[{"href":"https:\/\/raicesjerezanas.com\/index.php?rest_route=\/wp\/v2\/types\/post"}],"author":[{"embeddable":true,"href":"https:\/\/raicesjerezanas.com\/index.php?rest_route=\/wp\/v2\/users\/1"}],"replies":[{"embeddable":true,"href":"https:\/\/raicesjerezanas.com\/index.php?rest_route=%2Fwp%2Fv2%2Fcomments&post=16518"}],"version-history":[{"count":0,"href":"https:\/\/raicesjerezanas.com\/index.php?rest_route=\/wp\/v2\/posts\/16518\/revisions"}],"wp:featuredmedia":[{"embeddable":true,"href":"https:\/\/raicesjerezanas.com\/index.php?rest_route=\/wp\/v2\/media\/16519"}],"wp:attachment":[{"href":"https:\/\/raicesjerezanas.com\/index.php?rest_route=%2Fwp%2Fv2%2Fmedia&parent=16518"}],"wp:term":[{"taxonomy":"category","embeddable":true,"href":"https:\/\/raicesjerezanas.com\/index.php?rest_route=%2Fwp%2Fv2%2Fcategories&post=16518"},{"taxonomy":"post_tag","embeddable":true,"href":"https:\/\/raicesjerezanas.com\/index.php?rest_route=%2Fwp%2Fv2%2Ftags&post=16518"}],"curies":[{"name":"wp","href":"https:\/\/api.w.org\/{rel}","templated":true}]}}