{"id":16540,"date":"2020-03-23T13:57:53","date_gmt":"2020-03-23T19:57:53","guid":{"rendered":"https:\/\/raicesjerezanas.com\/?p=16540"},"modified":"2023-07-14T04:25:41","modified_gmt":"2023-07-14T04:25:41","slug":"disminuyen-residuos-solidos-en-el-centro-de-jerez-por-alerta-sanitaria","status":"publish","type":"post","link":"https:\/\/raicesjerezanas.com\/?p=16540","title":{"rendered":"DISMINUYEN RESIDUOS S\u00d3LIDOS EN EL CENTRO DE JEREZ POR ALERTA SANITARIA"},"content":{"rendered":"<p>El Departamento de Medio Ambiente y Desarrollo Sustentable del Gobierno Municipal, anunci\u00f3 que a ra\u00edz de la contingencia sanitaria por el Coronavirus (COVID-19), desde la semana pasada disminuy\u00f3 considerablemente el volumen de residuos s\u00f3lidos en la v\u00eda p\u00fablica de Jerez.<\/p>\n<p>De tres se redujo a una tonelada por d\u00eda, lo que equivale a un 60 por ciento de decremento. En el caso de las rutas en colonias y fraccionamientos, contin\u00faa la colecta regular de cerca de 50 toneladas.<\/p>\n<p>Para contribuir al cuidado del medio ambiente y haciendo frente a la pandemia, se recomienda en los hogares disminuir el uso de desechables, usar platos, vasos y utensilios reutilizables, no compartirlos con otros integrantes de la familia y mantener las mejores condiciones de higiene posibles.<\/p>\n<p>Adem\u00e1s, para el personal del Departamento de Limpia ya se implementaron medidas de seguridad y aquellos que padezcan enfermedades como diabetes, hipertensi\u00f3n o cuadros respiratorios no asistir\u00e1n a sus labores.<\/p>\n<p>En el caso de las madres de familia, se implementaron guardias y reducci\u00f3n de horario laboral para que puedan atender a sus hijos.<\/p>\n","protected":false},"excerpt":{"rendered":"<div class=\"mh-excerpt\"><p>El Departamento de Medio Ambiente y Desarrollo Sustentable del Gobierno Municipal, anunci\u00f3 que a ra\u00edz de la contingencia sanitaria por el Coronavirus (COVID-19), desde la <a class=\"mh-excerpt-more\" href=\"https:\/\/raicesjerezanas.com\/?p=16540\" title=\"DISMINUYEN RESIDUOS S\u00d3LIDOS EN EL CENTRO DE JEREZ POR ALERTA SANITARIA\">&#8230;<\/a><\/p>\n<\/div>","protected":false},"author":1,"featured_media":0,"comment_status":"closed","ping_status":"closed","sticky":false,"template":"","format":"standard","meta":{"footnotes":""},"categories":[102],"tags":[],"class_list":["post-16540","post","type-post","status-publish","format-standard","hentry","category-noticias-de-jerez"],"_links":{"self":[{"href":"https:\/\/raicesjerezanas.com\/index.php?rest_route=\/wp\/v2\/posts\/16540","targetHints":{"allow":["GET"]}}],"collection":[{"href":"https:\/\/raicesjerezanas.com\/index.php?rest_route=\/wp\/v2\/posts"}],"about":[{"href":"https:\/\/raicesjerezanas.com\/index.php?rest_route=\/wp\/v2\/types\/post"}],"author":[{"embeddable":true,"href":"https:\/\/raicesjerezanas.com\/index.php?rest_route=\/wp\/v2\/users\/1"}],"replies":[{"embeddable":true,"href":"https:\/\/raicesjerezanas.com\/index.php?rest_route=%2Fwp%2Fv2%2Fcomments&post=16540"}],"version-history":[{"count":0,"href":"https:\/\/raicesjerezanas.com\/index.php?rest_route=\/wp\/v2\/posts\/16540\/revisions"}],"wp:attachment":[{"href":"https:\/\/raicesjerezanas.com\/index.php?rest_route=%2Fwp%2Fv2%2Fmedia&parent=16540"}],"wp:term":[{"taxonomy":"category","embeddable":true,"href":"https:\/\/raicesjerezanas.com\/index.php?rest_route=%2Fwp%2Fv2%2Fcategories&post=16540"},{"taxonomy":"post_tag","embeddable":true,"href":"https:\/\/raicesjerezanas.com\/index.php?rest_route=%2Fwp%2Fv2%2Ftags&post=16540"}],"curies":[{"name":"wp","href":"https:\/\/api.w.org\/{rel}","templated":true}]}}