{"id":16542,"date":"2020-03-23T14:18:18","date_gmt":"2020-03-23T20:18:18","guid":{"rendered":"https:\/\/raicesjerezanas.com\/?p=16542"},"modified":"2023-07-14T04:25:41","modified_gmt":"2023-07-14T04:25:41","slug":"dif-municipal-refuerza-medidas-preventivas-contra-el-covid-19","status":"publish","type":"post","link":"https:\/\/raicesjerezanas.com\/?p=16542","title":{"rendered":"DIF MUNICIPAL REFUERZA MEDIDAS PREVENTIVAS CONTRA EL COVID-19"},"content":{"rendered":"<ul>\n<li><strong>Cierran temporalmente Comedores Municipales para evitar contagios<\/strong><\/li>\n<\/ul>\n<p>Para hacer frente a la propagaci\u00f3n del Coronavirus (COVID-19) el DIF Municipal se suma a las acciones implementadas por el Ayuntamiento para procurar el bienestar de los jerezanos.<\/p>\n<p>La Presidenta Honor\u00edfica Nayeli \u00c1lvarez Haro, asegur\u00f3 que la salud de los grupos vulnerables es prioridad en esta contingencia, por lo que se extreman las precauciones emitidas por el Sector Salud.<\/p>\n<p>Por tal motivo la atenci\u00f3n de medicina general ser\u00e1 permanente para examinar y canalizar casos infecciosos y a la vez compartir informaci\u00f3n sobre s\u00edntomas, riesgos y cuidados.<\/p>\n<p>Otra medida fue la suspensi\u00f3n temporal de los Talleres Ordinarios impartidos en los Centros de Desarrollo Comunitario (CDC) y el servicio de la Guarder\u00eda Municipal con el fin de evitar aglomeraciones.<\/p>\n<p>En el Centro de Rehabilitaci\u00f3n Infantil y Juvenil de Jerez (CRIJJ), se reparti\u00f3 una gu\u00eda de tareas y ejercicios a los pacientes para que puedan continuar sus terapias desde casa.<\/p>\n<p>Adem\u00e1s, los comedores instalados en el DIF Municipal, el CEBIS, CRIJJ y de los CDC El Molino, Guadalupe, San Isidro y CNOP permanecer\u00e1n cerrados hasta nuevo aviso para disminuir los riesgos de contagio.<\/p>\n<p>De igual manera el personal adopta las medidas preventivas b\u00e1sicas como el lavado constante de manos, uso de gel antibacterial y la organizaci\u00f3n de guardias para disminuir el contacto entre los trabajadores.<\/p>\n","protected":false},"excerpt":{"rendered":"<div class=\"mh-excerpt\"><p>Cierran temporalmente Comedores Municipales para evitar contagios Para hacer frente a la propagaci\u00f3n del Coronavirus (COVID-19) el DIF Municipal se suma a las acciones implementadas <a class=\"mh-excerpt-more\" href=\"https:\/\/raicesjerezanas.com\/?p=16542\" title=\"DIF MUNICIPAL REFUERZA MEDIDAS PREVENTIVAS CONTRA EL COVID-19\">&#8230;<\/a><\/p>\n<\/div>","protected":false},"author":1,"featured_media":16543,"comment_status":"closed","ping_status":"closed","sticky":false,"template":"","format":"standard","meta":{"footnotes":""},"categories":[102],"tags":[],"class_list":["post-16542","post","type-post","status-publish","format-standard","has-post-thumbnail","hentry","category-noticias-de-jerez"],"_links":{"self":[{"href":"https:\/\/raicesjerezanas.com\/index.php?rest_route=\/wp\/v2\/posts\/16542","targetHints":{"allow":["GET"]}}],"collection":[{"href":"https:\/\/raicesjerezanas.com\/index.php?rest_route=\/wp\/v2\/posts"}],"about":[{"href":"https:\/\/raicesjerezanas.com\/index.php?rest_route=\/wp\/v2\/types\/post"}],"author":[{"embeddable":true,"href":"https:\/\/raicesjerezanas.com\/index.php?rest_route=\/wp\/v2\/users\/1"}],"replies":[{"embeddable":true,"href":"https:\/\/raicesjerezanas.com\/index.php?rest_route=%2Fwp%2Fv2%2Fcomments&post=16542"}],"version-history":[{"count":0,"href":"https:\/\/raicesjerezanas.com\/index.php?rest_route=\/wp\/v2\/posts\/16542\/revisions"}],"wp:featuredmedia":[{"embeddable":true,"href":"https:\/\/raicesjerezanas.com\/index.php?rest_route=\/wp\/v2\/media\/16543"}],"wp:attachment":[{"href":"https:\/\/raicesjerezanas.com\/index.php?rest_route=%2Fwp%2Fv2%2Fmedia&parent=16542"}],"wp:term":[{"taxonomy":"category","embeddable":true,"href":"https:\/\/raicesjerezanas.com\/index.php?rest_route=%2Fwp%2Fv2%2Fcategories&post=16542"},{"taxonomy":"post_tag","embeddable":true,"href":"https:\/\/raicesjerezanas.com\/index.php?rest_route=%2Fwp%2Fv2%2Ftags&post=16542"}],"curies":[{"name":"wp","href":"https:\/\/api.w.org\/{rel}","templated":true}]}}