{"id":16549,"date":"2020-03-26T15:33:58","date_gmt":"2020-03-26T21:33:58","guid":{"rendered":"https:\/\/raicesjerezanas.com\/?p=16549"},"modified":"2023-07-14T04:25:40","modified_gmt":"2023-07-14T04:25:40","slug":"alerta-por-vientos-fuertes-en-jerez","status":"publish","type":"post","link":"https:\/\/raicesjerezanas.com\/?p=16549","title":{"rendered":"ALERTA POR VIENTOS FUERTES EN JEREZ"},"content":{"rendered":"<p>La Coordinaci\u00f3n Municipal de Protecci\u00f3n Civil previene a los jerezanos con el pron\u00f3stico de vientos que podr\u00edan ir de 38 a 70 kil\u00f3metros por hora, a partir de este 26 y hasta las 21:00 horas del martes 31 de marzo.<\/p>\n<p>Se sugiere a la poblaci\u00f3n que asegure tapas de tinacos, l\u00e1minas y m\u00e1s objetos almacenados azoteas que se puedan convertir en proyectiles y provocar lesiones severas a transe\u00fantes o causar da\u00f1os materiales.<\/p>\n<p>Al transitar por las calles se deben extremar precauciones y adoptar medidas de seguridad ante el riesgo de ca\u00edda de ramas, \u00e1rboles, cables de tendido el\u00e9ctrico y anuncios.<\/p>\n<p>Si bien se recomienda permanecer en casa ante la contingencia por el Coronavirus (COVID-19), tambi\u00e9n se invita a los ciudadanos a adoptar medidas de seguridad cerca de fincas en riesgo de derrumbe, como las identificadas en las calles De la Libertad, Aurora y De las Artes, entre otras.<\/p>\n","protected":false},"excerpt":{"rendered":"<div class=\"mh-excerpt\"><p>La Coordinaci\u00f3n Municipal de Protecci\u00f3n Civil previene a los jerezanos con el pron\u00f3stico de vientos que podr\u00edan ir de 38 a 70 kil\u00f3metros por hora, <a class=\"mh-excerpt-more\" href=\"https:\/\/raicesjerezanas.com\/?p=16549\" title=\"ALERTA POR VIENTOS FUERTES EN JEREZ\">&#8230;<\/a><\/p>\n<\/div>","protected":false},"author":1,"featured_media":16550,"comment_status":"closed","ping_status":"closed","sticky":false,"template":"","format":"standard","meta":{"footnotes":""},"categories":[102],"tags":[],"class_list":["post-16549","post","type-post","status-publish","format-standard","has-post-thumbnail","hentry","category-noticias-de-jerez"],"_links":{"self":[{"href":"https:\/\/raicesjerezanas.com\/index.php?rest_route=\/wp\/v2\/posts\/16549","targetHints":{"allow":["GET"]}}],"collection":[{"href":"https:\/\/raicesjerezanas.com\/index.php?rest_route=\/wp\/v2\/posts"}],"about":[{"href":"https:\/\/raicesjerezanas.com\/index.php?rest_route=\/wp\/v2\/types\/post"}],"author":[{"embeddable":true,"href":"https:\/\/raicesjerezanas.com\/index.php?rest_route=\/wp\/v2\/users\/1"}],"replies":[{"embeddable":true,"href":"https:\/\/raicesjerezanas.com\/index.php?rest_route=%2Fwp%2Fv2%2Fcomments&post=16549"}],"version-history":[{"count":0,"href":"https:\/\/raicesjerezanas.com\/index.php?rest_route=\/wp\/v2\/posts\/16549\/revisions"}],"wp:featuredmedia":[{"embeddable":true,"href":"https:\/\/raicesjerezanas.com\/index.php?rest_route=\/wp\/v2\/media\/16550"}],"wp:attachment":[{"href":"https:\/\/raicesjerezanas.com\/index.php?rest_route=%2Fwp%2Fv2%2Fmedia&parent=16549"}],"wp:term":[{"taxonomy":"category","embeddable":true,"href":"https:\/\/raicesjerezanas.com\/index.php?rest_route=%2Fwp%2Fv2%2Fcategories&post=16549"},{"taxonomy":"post_tag","embeddable":true,"href":"https:\/\/raicesjerezanas.com\/index.php?rest_route=%2Fwp%2Fv2%2Ftags&post=16549"}],"curies":[{"name":"wp","href":"https:\/\/api.w.org\/{rel}","templated":true}]}}