{"id":16562,"date":"2020-03-29T17:37:43","date_gmt":"2020-03-29T23:37:43","guid":{"rendered":"https:\/\/raicesjerezanas.com\/?p=16562"},"modified":"2023-07-14T04:25:39","modified_gmt":"2023-07-14T04:25:39","slug":"continua-con-gran-aceptacion-tianguis-dominical-en-explanada-de-la-feria","status":"publish","type":"post","link":"https:\/\/raicesjerezanas.com\/?p=16562","title":{"rendered":"CONTIN\u00daA CON GRAN ACEPTACI\u00d3N TIANGUIS DOMINICAL EN EXPLANADA DE LA FERIA"},"content":{"rendered":"<p>Bajo la estrategia del Gobierno Municipal de apoyar la econom\u00eda de los comerciantes locales a la par de cuidar su salud y la de la poblaci\u00f3n, se ubic\u00f3 por segunda vez el Tianguis Dominical en la Explanada de Feria, con la participaci\u00f3n de 350 vendedores.<\/p>\n<p>Se instalaron m\u00e1s de 100 m\u00f3dulos separados por 2 metros entre s\u00ed, por lo que hubo un flujo seguro y responsable para vendedores y su clientela.<\/p>\n<p>\u00abEsto, mas los tres filtros sanitarios de los accesos al lugar, as\u00ed como la vigilancia por parte de elementos de Seguridad P\u00fablica derivaron en armon\u00eda en la actividad\u00bb, asegur\u00f3 el Administrador de Plazas y Mercados Guillermo Guti\u00e9rrez Carlos.<\/p>\n<p>Precis\u00f3 que los involucrados han manifestado su satisfacci\u00f3n por la estrategia ya que hay mayor espacio para estacionarse y colocar los puestos, as\u00ed como m\u00e1s orden y control, por lo cual en este segundo domingo m\u00e1s tianguistas de frutas, verduras y alimentos solicitaron ocupar un lugar.<\/p>\n<p>Hasta nuevas indicaciones del Sector Salud por la contingencia, el Tianguis Dominical permanecer\u00e1 de manera permanente en la explanada, misma que recibir\u00e1 el mantenimiento e higiene pertinentes.<\/p>\n","protected":false},"excerpt":{"rendered":"<div class=\"mh-excerpt\"><p>Bajo la estrategia del Gobierno Municipal de apoyar la econom\u00eda de los comerciantes locales a la par de cuidar su salud y la de la <a class=\"mh-excerpt-more\" href=\"https:\/\/raicesjerezanas.com\/?p=16562\" title=\"CONTIN\u00daA CON GRAN ACEPTACI\u00d3N TIANGUIS DOMINICAL EN EXPLANADA DE LA FERIA\">&#8230;<\/a><\/p>\n<\/div>","protected":false},"author":1,"featured_media":16563,"comment_status":"closed","ping_status":"closed","sticky":false,"template":"","format":"standard","meta":{"footnotes":""},"categories":[102],"tags":[],"class_list":["post-16562","post","type-post","status-publish","format-standard","has-post-thumbnail","hentry","category-noticias-de-jerez"],"_links":{"self":[{"href":"https:\/\/raicesjerezanas.com\/index.php?rest_route=\/wp\/v2\/posts\/16562","targetHints":{"allow":["GET"]}}],"collection":[{"href":"https:\/\/raicesjerezanas.com\/index.php?rest_route=\/wp\/v2\/posts"}],"about":[{"href":"https:\/\/raicesjerezanas.com\/index.php?rest_route=\/wp\/v2\/types\/post"}],"author":[{"embeddable":true,"href":"https:\/\/raicesjerezanas.com\/index.php?rest_route=\/wp\/v2\/users\/1"}],"replies":[{"embeddable":true,"href":"https:\/\/raicesjerezanas.com\/index.php?rest_route=%2Fwp%2Fv2%2Fcomments&post=16562"}],"version-history":[{"count":0,"href":"https:\/\/raicesjerezanas.com\/index.php?rest_route=\/wp\/v2\/posts\/16562\/revisions"}],"wp:featuredmedia":[{"embeddable":true,"href":"https:\/\/raicesjerezanas.com\/index.php?rest_route=\/wp\/v2\/media\/16563"}],"wp:attachment":[{"href":"https:\/\/raicesjerezanas.com\/index.php?rest_route=%2Fwp%2Fv2%2Fmedia&parent=16562"}],"wp:term":[{"taxonomy":"category","embeddable":true,"href":"https:\/\/raicesjerezanas.com\/index.php?rest_route=%2Fwp%2Fv2%2Fcategories&post=16562"},{"taxonomy":"post_tag","embeddable":true,"href":"https:\/\/raicesjerezanas.com\/index.php?rest_route=%2Fwp%2Fv2%2Ftags&post=16562"}],"curies":[{"name":"wp","href":"https:\/\/api.w.org\/{rel}","templated":true}]}}