{"id":16568,"date":"2020-03-27T17:51:19","date_gmt":"2020-03-27T23:51:19","guid":{"rendered":"https:\/\/raicesjerezanas.com\/?p=16568"},"modified":"2023-07-14T04:25:40","modified_gmt":"2023-07-14T04:25:40","slug":"adecuan-explanada-de-la-feria-para-la-instalacion-permanente-del-tianguis-dominical","status":"publish","type":"post","link":"https:\/\/raicesjerezanas.com\/?p=16568","title":{"rendered":"ADECUAN EXPLANADA DE LA FERIA PARA LA INSTALACI\u00d3N PERMANENTE DEL TIANGUIS DOMINICAL"},"content":{"rendered":"<p>En atenci\u00f3n a las medidas sanitarias recomendadas por el Sector Salud, el Ayuntamiento de Jerez habilita las instalaciones de la Feria para colocar permanentemente el Tianguis Dominical.<\/p>\n<p>Alrededor de 400 comerciantes ser\u00e1n distribuidos en el \u00e1rea para que cada domingo oferten productos de primera necesidad como frutas, verduras y alimentos preparados.<\/p>\n<p>Para tal fin, personal de Servicios P\u00fablicos coloca mamparas y m\u00f3dulos de 3&#215;3, 3&#215;6 o 3&#215;9 metros, que ser\u00e1n asignados seg\u00fan las dimensiones que requiera cada vendedor\u00a0 respetando la sana distancia.<\/p>\n<p>El Director de Obras y Servicios P\u00fablicos Jos\u00e9 \u00c1ngel Flores Guti\u00e9rrez, inform\u00f3 que las medidas se toman en coordinaci\u00f3n con la Administraci\u00f3n de Plazas y Mercados para evitar aglomeraciones y que a su vez no se detenga la econom\u00eda en el municipio a pesar de la contingencia por el COVID-19.<\/p>\n<p>Lo anterior, en com\u00fan acuerdo con l\u00edderes tianguistas, que tambi\u00e9n solicitaron la instalaci\u00f3n de filtros de seguridad en los distintos accesos para repartir gel antibacterial.<\/p>\n<p>El funcionario reconoci\u00f3 el respaldo que brinda el Alcalde Antonio Aceves S\u00e1nchez para que el sector comercial contin\u00fae rindiendo frutos a favor de las familias jerezanas.<\/p>\n","protected":false},"excerpt":{"rendered":"<div class=\"mh-excerpt\"><p>En atenci\u00f3n a las medidas sanitarias recomendadas por el Sector Salud, el Ayuntamiento de Jerez habilita las instalaciones de la Feria para colocar permanentemente el <a class=\"mh-excerpt-more\" href=\"https:\/\/raicesjerezanas.com\/?p=16568\" title=\"ADECUAN EXPLANADA DE LA FERIA PARA LA INSTALACI\u00d3N PERMANENTE DEL TIANGUIS DOMINICAL\">&#8230;<\/a><\/p>\n<\/div>","protected":false},"author":1,"featured_media":16569,"comment_status":"closed","ping_status":"closed","sticky":false,"template":"","format":"standard","meta":{"footnotes":""},"categories":[102],"tags":[],"class_list":["post-16568","post","type-post","status-publish","format-standard","has-post-thumbnail","hentry","category-noticias-de-jerez"],"_links":{"self":[{"href":"https:\/\/raicesjerezanas.com\/index.php?rest_route=\/wp\/v2\/posts\/16568","targetHints":{"allow":["GET"]}}],"collection":[{"href":"https:\/\/raicesjerezanas.com\/index.php?rest_route=\/wp\/v2\/posts"}],"about":[{"href":"https:\/\/raicesjerezanas.com\/index.php?rest_route=\/wp\/v2\/types\/post"}],"author":[{"embeddable":true,"href":"https:\/\/raicesjerezanas.com\/index.php?rest_route=\/wp\/v2\/users\/1"}],"replies":[{"embeddable":true,"href":"https:\/\/raicesjerezanas.com\/index.php?rest_route=%2Fwp%2Fv2%2Fcomments&post=16568"}],"version-history":[{"count":0,"href":"https:\/\/raicesjerezanas.com\/index.php?rest_route=\/wp\/v2\/posts\/16568\/revisions"}],"wp:featuredmedia":[{"embeddable":true,"href":"https:\/\/raicesjerezanas.com\/index.php?rest_route=\/wp\/v2\/media\/16569"}],"wp:attachment":[{"href":"https:\/\/raicesjerezanas.com\/index.php?rest_route=%2Fwp%2Fv2%2Fmedia&parent=16568"}],"wp:term":[{"taxonomy":"category","embeddable":true,"href":"https:\/\/raicesjerezanas.com\/index.php?rest_route=%2Fwp%2Fv2%2Fcategories&post=16568"},{"taxonomy":"post_tag","embeddable":true,"href":"https:\/\/raicesjerezanas.com\/index.php?rest_route=%2Fwp%2Fv2%2Ftags&post=16568"}],"curies":[{"name":"wp","href":"https:\/\/api.w.org\/{rel}","templated":true}]}}