{"id":16570,"date":"2020-03-27T17:55:40","date_gmt":"2020-03-27T23:55:40","guid":{"rendered":"https:\/\/raicesjerezanas.com\/?p=16570"},"modified":"2023-07-14T04:25:40","modified_gmt":"2023-07-14T04:25:40","slug":"pc-jerez-equipa-ambulancia-con-capsula-de-traslado","status":"publish","type":"post","link":"https:\/\/raicesjerezanas.com\/?p=16570","title":{"rendered":"PC JEREZ EQUIPA AMBULANCIA CON C\u00c1PSULA DE TRASLADO"},"content":{"rendered":"<p>La Coordinaci\u00f3n Municipal de Protecci\u00f3n Civil en Jerez adecu\u00f3 una ambulancia a su cargo con una c\u00e1psula de traslado en caso de dar servicio a alg\u00fan paciente sospechoso de COVID-19.<\/p>\n<p>El titular Roberto Rosales Col\u00f3n precis\u00f3 que la medida es estrictamente preventiva en espera de que esta no sea utilizada y el municipio se mantenga en cero casos positivos como hasta el momento.<\/p>\n<p>Sin embargo, a\u00f1adi\u00f3, la corporaci\u00f3n est\u00e1 obligada a poner en practica la prevenci\u00f3n y de esta manera el personal a su cargo apoyados en un prototipo ya existente, armaron la c\u00e1psula con pl\u00e1stico r\u00edgido y transparente de la mayor densidad con orificios para sondas de ox\u00edgeno y cables de monitoreo.<\/p>\n<p>La adecuaci\u00f3n responde al compromiso de dar un servicio de calidad en caso de cualquier emergencia atendida tanto por su personal como por los Servicios de Salud.<\/p>\n","protected":false},"excerpt":{"rendered":"<div class=\"mh-excerpt\"><p>La Coordinaci\u00f3n Municipal de Protecci\u00f3n Civil en Jerez adecu\u00f3 una ambulancia a su cargo con una c\u00e1psula de traslado en caso de dar servicio a <a class=\"mh-excerpt-more\" href=\"https:\/\/raicesjerezanas.com\/?p=16570\" title=\"PC JEREZ EQUIPA AMBULANCIA CON C\u00c1PSULA DE TRASLADO\">&#8230;<\/a><\/p>\n<\/div>","protected":false},"author":1,"featured_media":16571,"comment_status":"closed","ping_status":"closed","sticky":false,"template":"","format":"standard","meta":{"footnotes":""},"categories":[102],"tags":[],"class_list":["post-16570","post","type-post","status-publish","format-standard","has-post-thumbnail","hentry","category-noticias-de-jerez"],"_links":{"self":[{"href":"https:\/\/raicesjerezanas.com\/index.php?rest_route=\/wp\/v2\/posts\/16570","targetHints":{"allow":["GET"]}}],"collection":[{"href":"https:\/\/raicesjerezanas.com\/index.php?rest_route=\/wp\/v2\/posts"}],"about":[{"href":"https:\/\/raicesjerezanas.com\/index.php?rest_route=\/wp\/v2\/types\/post"}],"author":[{"embeddable":true,"href":"https:\/\/raicesjerezanas.com\/index.php?rest_route=\/wp\/v2\/users\/1"}],"replies":[{"embeddable":true,"href":"https:\/\/raicesjerezanas.com\/index.php?rest_route=%2Fwp%2Fv2%2Fcomments&post=16570"}],"version-history":[{"count":0,"href":"https:\/\/raicesjerezanas.com\/index.php?rest_route=\/wp\/v2\/posts\/16570\/revisions"}],"wp:featuredmedia":[{"embeddable":true,"href":"https:\/\/raicesjerezanas.com\/index.php?rest_route=\/wp\/v2\/media\/16571"}],"wp:attachment":[{"href":"https:\/\/raicesjerezanas.com\/index.php?rest_route=%2Fwp%2Fv2%2Fmedia&parent=16570"}],"wp:term":[{"taxonomy":"category","embeddable":true,"href":"https:\/\/raicesjerezanas.com\/index.php?rest_route=%2Fwp%2Fv2%2Fcategories&post=16570"},{"taxonomy":"post_tag","embeddable":true,"href":"https:\/\/raicesjerezanas.com\/index.php?rest_route=%2Fwp%2Fv2%2Ftags&post=16570"}],"curies":[{"name":"wp","href":"https:\/\/api.w.org\/{rel}","templated":true}]}}