{"id":16578,"date":"2020-03-25T18:09:28","date_gmt":"2020-03-26T00:09:28","guid":{"rendered":"https:\/\/raicesjerezanas.com\/?p=16578"},"modified":"2023-07-14T04:25:40","modified_gmt":"2023-07-14T04:25:40","slug":"con-filtro-sanitario-continua-servicio-de-registro-civil-en-jerez","status":"publish","type":"post","link":"https:\/\/raicesjerezanas.com\/?p=16578","title":{"rendered":"CON FILTRO SANITARIO, CONTIN\u00daA SERVICIO DE REGISTRO CIVIL EN JEREZ"},"content":{"rendered":"<p>Las atenciones del Registro Civil de Jerez contin\u00faan durante la contingencia con las debidas precauciones sanitarias a favor del bienestar de usuarios y personal.<\/p>\n<p>La Oficial Ana Mar\u00eda Acevedo Carrillo, precis\u00f3 que el servicio se ofrece solo a dos personas a la vez, mientras que el resto debe esperar fuera de la oficina para evitar aglomeraciones.<\/p>\n<p>Explic\u00f3 que los matrimonios que ya estaban programados se celebrar\u00e1n si la pareja as\u00ed lo decide, con las medidas preventivas necesarias y solo con la presencia de sus testigos. Algunos interesados ya cancelaron su cita y por el momento no se agendar\u00e1n m\u00e1s hasta nuevo aviso.<\/p>\n<p>Las actas de defunci\u00f3n se siguen entregando, ya que es un servicio que no se puede dejar de lado, y en cuanto al registro de menores recomend\u00f3 no hacerlo a menos que sea sumamente necesario para no exponer a los infantes.<\/p>\n<p>Por \u00faltimo, invit\u00f3 a la ciudadan\u00eda a tomar las medidas necesarias para su seguridad y tengan paciencia con el servicio del Registro Civil ya que solo est\u00e1 trabajando personal de guardia.<\/p>\n","protected":false},"excerpt":{"rendered":"<div class=\"mh-excerpt\"><p>Las atenciones del Registro Civil de Jerez contin\u00faan durante la contingencia con las debidas precauciones sanitarias a favor del bienestar de usuarios y personal. La <a class=\"mh-excerpt-more\" href=\"https:\/\/raicesjerezanas.com\/?p=16578\" title=\"CON FILTRO SANITARIO, CONTIN\u00daA SERVICIO DE REGISTRO CIVIL EN JEREZ\">&#8230;<\/a><\/p>\n<\/div>","protected":false},"author":1,"featured_media":16579,"comment_status":"closed","ping_status":"closed","sticky":false,"template":"","format":"standard","meta":{"footnotes":""},"categories":[102],"tags":[],"class_list":["post-16578","post","type-post","status-publish","format-standard","has-post-thumbnail","hentry","category-noticias-de-jerez"],"_links":{"self":[{"href":"https:\/\/raicesjerezanas.com\/index.php?rest_route=\/wp\/v2\/posts\/16578","targetHints":{"allow":["GET"]}}],"collection":[{"href":"https:\/\/raicesjerezanas.com\/index.php?rest_route=\/wp\/v2\/posts"}],"about":[{"href":"https:\/\/raicesjerezanas.com\/index.php?rest_route=\/wp\/v2\/types\/post"}],"author":[{"embeddable":true,"href":"https:\/\/raicesjerezanas.com\/index.php?rest_route=\/wp\/v2\/users\/1"}],"replies":[{"embeddable":true,"href":"https:\/\/raicesjerezanas.com\/index.php?rest_route=%2Fwp%2Fv2%2Fcomments&post=16578"}],"version-history":[{"count":0,"href":"https:\/\/raicesjerezanas.com\/index.php?rest_route=\/wp\/v2\/posts\/16578\/revisions"}],"wp:featuredmedia":[{"embeddable":true,"href":"https:\/\/raicesjerezanas.com\/index.php?rest_route=\/wp\/v2\/media\/16579"}],"wp:attachment":[{"href":"https:\/\/raicesjerezanas.com\/index.php?rest_route=%2Fwp%2Fv2%2Fmedia&parent=16578"}],"wp:term":[{"taxonomy":"category","embeddable":true,"href":"https:\/\/raicesjerezanas.com\/index.php?rest_route=%2Fwp%2Fv2%2Fcategories&post=16578"},{"taxonomy":"post_tag","embeddable":true,"href":"https:\/\/raicesjerezanas.com\/index.php?rest_route=%2Fwp%2Fv2%2Ftags&post=16578"}],"curies":[{"name":"wp","href":"https:\/\/api.w.org\/{rel}","templated":true}]}}