{"id":16586,"date":"2020-04-01T18:46:45","date_gmt":"2020-04-02T00:46:45","guid":{"rendered":"https:\/\/raicesjerezanas.com\/?p=16586"},"modified":"2023-07-14T04:25:38","modified_gmt":"2023-07-14T04:25:38","slug":"conmemoran-448-aniversario-de-la-fundacion-de-jerez","status":"publish","type":"post","link":"https:\/\/raicesjerezanas.com\/?p=16586","title":{"rendered":"CONMEMORAN 448 ANIVERSARIO DE LA FUNDACI\u00d3N DE JEREZ"},"content":{"rendered":"<p>Con un llamado a la uni\u00f3n y la responsabilidad para marcar un precedente m\u00e1s en la historia del municipio, se conmemor\u00f3 el 448 Aniversario del Poblamiento definitivo y Fundaci\u00f3n de Jerez de Garc\u00eda Salinas.<\/p>\n<p>El Secretario de Gobierno Liborio Carrillo Castro, manifest\u00f3 que la solidaridad y disciplina de sus habitantes es lo que ha construido el Jerez de hoy, que se distingue como un territorio fuerte, organizado y con deseos de seguir adelante ante las adversidades.<\/p>\n<p>Puntualiz\u00f3 que en la actualidad se encuentra ante un panorama incierto por una contingencia de salud, que sin duda marcar\u00e1 una pauta econ\u00f3mica y social para generaciones futuras a las que hay que demostrarles que con acciones conjuntas y responsables se puede superar cualquier obst\u00e1culo.<\/p>\n<p>El Cronista Adjunto del Municipio, H\u00e9ctor Manuel Rodr\u00edguez Nava, hizo una remembranza de los distintos intentos por establecer una fecha definitiva de la fundaci\u00f3n de Jerez, y detall\u00f3 que la historia de este Pueblo M\u00e1gico inici\u00f3 con la guerra Chichimeca de 1550 a 1600, raz\u00f3n por la que se orden\u00f3 su fundaci\u00f3n como la Villa de Xerez de la Frontera.<\/p>\n<p>Refiri\u00f3 que desde entonces ha sobrevivido a grandes desastres naturales, guerras, enfermedades y epidemias de las que sin embargo ha salido avante.<\/p>\n<p>Al evento realizado frente a la placa conmemorativa de la Presidencia Municipal, acudieron tambi\u00e9n Jorge Mart\u00ednez y Lorena Guti\u00e9rrez, miembros del Comit\u00e9 de Pueblos M\u00e1gicos.<\/p>\n","protected":false},"excerpt":{"rendered":"<div class=\"mh-excerpt\"><p>Con un llamado a la uni\u00f3n y la responsabilidad para marcar un precedente m\u00e1s en la historia del municipio, se conmemor\u00f3 el 448 Aniversario del <a class=\"mh-excerpt-more\" href=\"https:\/\/raicesjerezanas.com\/?p=16586\" title=\"CONMEMORAN 448 ANIVERSARIO DE LA FUNDACI\u00d3N DE JEREZ\">&#8230;<\/a><\/p>\n<\/div>","protected":false},"author":1,"featured_media":16587,"comment_status":"closed","ping_status":"closed","sticky":false,"template":"","format":"standard","meta":{"footnotes":""},"categories":[102],"tags":[],"class_list":["post-16586","post","type-post","status-publish","format-standard","has-post-thumbnail","hentry","category-noticias-de-jerez"],"_links":{"self":[{"href":"https:\/\/raicesjerezanas.com\/index.php?rest_route=\/wp\/v2\/posts\/16586","targetHints":{"allow":["GET"]}}],"collection":[{"href":"https:\/\/raicesjerezanas.com\/index.php?rest_route=\/wp\/v2\/posts"}],"about":[{"href":"https:\/\/raicesjerezanas.com\/index.php?rest_route=\/wp\/v2\/types\/post"}],"author":[{"embeddable":true,"href":"https:\/\/raicesjerezanas.com\/index.php?rest_route=\/wp\/v2\/users\/1"}],"replies":[{"embeddable":true,"href":"https:\/\/raicesjerezanas.com\/index.php?rest_route=%2Fwp%2Fv2%2Fcomments&post=16586"}],"version-history":[{"count":0,"href":"https:\/\/raicesjerezanas.com\/index.php?rest_route=\/wp\/v2\/posts\/16586\/revisions"}],"wp:featuredmedia":[{"embeddable":true,"href":"https:\/\/raicesjerezanas.com\/index.php?rest_route=\/wp\/v2\/media\/16587"}],"wp:attachment":[{"href":"https:\/\/raicesjerezanas.com\/index.php?rest_route=%2Fwp%2Fv2%2Fmedia&parent=16586"}],"wp:term":[{"taxonomy":"category","embeddable":true,"href":"https:\/\/raicesjerezanas.com\/index.php?rest_route=%2Fwp%2Fv2%2Fcategories&post=16586"},{"taxonomy":"post_tag","embeddable":true,"href":"https:\/\/raicesjerezanas.com\/index.php?rest_route=%2Fwp%2Fv2%2Ftags&post=16586"}],"curies":[{"name":"wp","href":"https:\/\/api.w.org\/{rel}","templated":true}]}}