{"id":16588,"date":"2020-04-02T09:39:17","date_gmt":"2020-04-02T15:39:17","guid":{"rendered":"https:\/\/raicesjerezanas.com\/?p=16588"},"modified":"2023-07-14T04:25:38","modified_gmt":"2023-07-14T04:25:38","slug":"invitan-a-extremar-precauciones-ante-primer-caso-de-covid-19-en-jerez","status":"publish","type":"post","link":"https:\/\/raicesjerezanas.com\/?p=16588","title":{"rendered":"INVITAN A EXTREMAR PRECAUCIONES ANTE PRIMER CASO DE COVID-19 EN JEREZ"},"content":{"rendered":"<p><strong>Este jueves, el Alcalde Antonio Aceves S\u00e1nchez se reunir\u00e1 con el titular de la SCT para determinar las medidas de acceso a Jerez<\/strong><\/p>\n<p>Luego de confirmarse el primer caso de Coronavirus (COVID-19) en Jerez, el Alcalde Antonio Aceves S\u00e1nchez llam\u00f3 a los ciudadanos a extremar medidas preventivas y adoptar protocolos de salubridad para evitar m\u00e1s contagios.<\/p>\n<p>\u00abSabemos muy bien que estas fechas son en las que nuestros paisanos vienen a Jerez a visitar a sus familias. Sin embargo ya estamos en los momentos m\u00e1s cr\u00edticos de la pandemia, por lo que hago un llamado a sus conciencias y a la responsabilidad que todos tenemos\u00bb, dijo.<\/p>\n<p>Consciente de la preocupaci\u00f3n colectiva por el control de la llegada de los connacionales, inform\u00f3 que este jueves se reunir\u00e1 con Jorge Ra\u00fal Aguilar Villegas, Delegado en Zacatecas de la Secretar\u00eda de Comunicaciones y Transportes (SCT), para determinar medidas que permitan un \u00f3ptimo manejo sanitario de la situaci\u00f3n.<\/p>\n<p>En este sentido agradeci\u00f3 el respaldo del Gobierno de Alejandro Tello que instruy\u00f3 para la operaci\u00f3n de un filtro de revisi\u00f3n en la UNIRSE ubicada en Malpaso.<\/p>\n<p>\u00abEn Jerez nos hemos tomado muy enserio esta situaci\u00f3n, y desde el 11 de marzo extremamos medidas. En conjunto con el Sector Salud implementamos los diferentes protocolos que hoy nos ubican como un municipio responsable\u00bb.<\/p>\n<p>Destac\u00f3 que la administraci\u00f3n que encabeza seguir\u00e1 vigilante y trabajando para mantener en regla los protocolos marcados por el Sector Salud por el bienestar de las familias jerezanas.<\/p>\n<p>Esto, en coordinaci\u00f3n con el Ej\u00e9rcito Mexicano, la Polic\u00eda Federal, la Delegaci\u00f3n de Seguridad Vial, Protecci\u00f3n Civil y Seguridad P\u00fablica Municipal.<\/p>\n<p>As\u00ed llam\u00f3 a los ciudadanos a denunciar cualquier hecho que pudiera contribuir a la expansi\u00f3n del virus, ya que \u00abno permitiremos ning\u00fan desorden que nos ponga en riesgo. Hoy m\u00e1s que nunca tenemos que trabajar unidos\u00bb, finaliz\u00f3.<\/p>\n","protected":false},"excerpt":{"rendered":"<div class=\"mh-excerpt\"><p>Este jueves, el Alcalde Antonio Aceves S\u00e1nchez se reunir\u00e1 con el titular de la SCT para determinar las medidas de acceso a Jerez Luego de <a class=\"mh-excerpt-more\" href=\"https:\/\/raicesjerezanas.com\/?p=16588\" title=\"INVITAN A EXTREMAR PRECAUCIONES ANTE PRIMER CASO DE COVID-19 EN JEREZ\">&#8230;<\/a><\/p>\n<\/div>","protected":false},"author":1,"featured_media":16589,"comment_status":"closed","ping_status":"closed","sticky":false,"template":"","format":"standard","meta":{"footnotes":""},"categories":[102],"tags":[],"class_list":["post-16588","post","type-post","status-publish","format-standard","has-post-thumbnail","hentry","category-noticias-de-jerez"],"_links":{"self":[{"href":"https:\/\/raicesjerezanas.com\/index.php?rest_route=\/wp\/v2\/posts\/16588","targetHints":{"allow":["GET"]}}],"collection":[{"href":"https:\/\/raicesjerezanas.com\/index.php?rest_route=\/wp\/v2\/posts"}],"about":[{"href":"https:\/\/raicesjerezanas.com\/index.php?rest_route=\/wp\/v2\/types\/post"}],"author":[{"embeddable":true,"href":"https:\/\/raicesjerezanas.com\/index.php?rest_route=\/wp\/v2\/users\/1"}],"replies":[{"embeddable":true,"href":"https:\/\/raicesjerezanas.com\/index.php?rest_route=%2Fwp%2Fv2%2Fcomments&post=16588"}],"version-history":[{"count":0,"href":"https:\/\/raicesjerezanas.com\/index.php?rest_route=\/wp\/v2\/posts\/16588\/revisions"}],"wp:featuredmedia":[{"embeddable":true,"href":"https:\/\/raicesjerezanas.com\/index.php?rest_route=\/wp\/v2\/media\/16589"}],"wp:attachment":[{"href":"https:\/\/raicesjerezanas.com\/index.php?rest_route=%2Fwp%2Fv2%2Fmedia&parent=16588"}],"wp:term":[{"taxonomy":"category","embeddable":true,"href":"https:\/\/raicesjerezanas.com\/index.php?rest_route=%2Fwp%2Fv2%2Fcategories&post=16588"},{"taxonomy":"post_tag","embeddable":true,"href":"https:\/\/raicesjerezanas.com\/index.php?rest_route=%2Fwp%2Fv2%2Ftags&post=16588"}],"curies":[{"name":"wp","href":"https:\/\/api.w.org\/{rel}","templated":true}]}}