{"id":16590,"date":"2020-04-01T13:09:01","date_gmt":"2020-04-01T19:09:01","guid":{"rendered":"https:\/\/raicesjerezanas.com\/?p=16590"},"modified":"2023-07-14T04:25:38","modified_gmt":"2023-07-14T04:25:38","slug":"entregan-capsula-de-traslado-al-hospital-general-jerez","status":"publish","type":"post","link":"https:\/\/raicesjerezanas.com\/?p=16590","title":{"rendered":"ENTREGAN C\u00c1PSULA DE TRASLADO AL HOSPITAL GENERAL JEREZ"},"content":{"rendered":"<p>Directivos y personal m\u00e9dico del Hospital General de Jerez, recibieron una c\u00e1psula de traslado para pacientes sospechosos de COVID-19, misma que les ser\u00e1 de gran ayuda de presentarse alg\u00fan caso que deba ser trasladado.<\/p>\n<p>Personal de Protecci\u00f3n Civil explic\u00f3 a los m\u00e9dicos y enfermeras c\u00f3mo debe ingresarse y extraer al paciente de la c\u00e1psula, adem\u00e1s de indicarles que el material est\u00e1 armado para poder retirarse f\u00e1cilmente y ser sustituido despu\u00e9s de cada servicio.<\/p>\n<p>Por su parte el Director del Hospital General, Juan Manuel Santoyo Reveles, agradeci\u00f3 el respaldo del Gobierno de Antonio Aceves S\u00e1nchez por brindarles apoyo con esta modalidad de protecci\u00f3n que les ser\u00e1 de mucha ayuda.<\/p>\n<p>Finalmente, el personal agradeci\u00f3 a PC por la entrega que dijeron, no es exclusiva para atender pacientes de COVID-19 y podr\u00e1 utilizarse para otros casos que as\u00ed lo requieran.<\/p>\n","protected":false},"excerpt":{"rendered":"<div class=\"mh-excerpt\"><p>Directivos y personal m\u00e9dico del Hospital General de Jerez, recibieron una c\u00e1psula de traslado para pacientes sospechosos de COVID-19, misma que les ser\u00e1 de gran <a class=\"mh-excerpt-more\" href=\"https:\/\/raicesjerezanas.com\/?p=16590\" title=\"ENTREGAN C\u00c1PSULA DE TRASLADO AL HOSPITAL GENERAL JEREZ\">&#8230;<\/a><\/p>\n<\/div>","protected":false},"author":1,"featured_media":16591,"comment_status":"closed","ping_status":"closed","sticky":false,"template":"","format":"standard","meta":{"footnotes":""},"categories":[102],"tags":[],"class_list":["post-16590","post","type-post","status-publish","format-standard","has-post-thumbnail","hentry","category-noticias-de-jerez"],"_links":{"self":[{"href":"https:\/\/raicesjerezanas.com\/index.php?rest_route=\/wp\/v2\/posts\/16590","targetHints":{"allow":["GET"]}}],"collection":[{"href":"https:\/\/raicesjerezanas.com\/index.php?rest_route=\/wp\/v2\/posts"}],"about":[{"href":"https:\/\/raicesjerezanas.com\/index.php?rest_route=\/wp\/v2\/types\/post"}],"author":[{"embeddable":true,"href":"https:\/\/raicesjerezanas.com\/index.php?rest_route=\/wp\/v2\/users\/1"}],"replies":[{"embeddable":true,"href":"https:\/\/raicesjerezanas.com\/index.php?rest_route=%2Fwp%2Fv2%2Fcomments&post=16590"}],"version-history":[{"count":0,"href":"https:\/\/raicesjerezanas.com\/index.php?rest_route=\/wp\/v2\/posts\/16590\/revisions"}],"wp:featuredmedia":[{"embeddable":true,"href":"https:\/\/raicesjerezanas.com\/index.php?rest_route=\/wp\/v2\/media\/16591"}],"wp:attachment":[{"href":"https:\/\/raicesjerezanas.com\/index.php?rest_route=%2Fwp%2Fv2%2Fmedia&parent=16590"}],"wp:term":[{"taxonomy":"category","embeddable":true,"href":"https:\/\/raicesjerezanas.com\/index.php?rest_route=%2Fwp%2Fv2%2Fcategories&post=16590"},{"taxonomy":"post_tag","embeddable":true,"href":"https:\/\/raicesjerezanas.com\/index.php?rest_route=%2Fwp%2Fv2%2Ftags&post=16590"}],"curies":[{"name":"wp","href":"https:\/\/api.w.org\/{rel}","templated":true}]}}