{"id":16592,"date":"2020-04-02T08:33:32","date_gmt":"2020-04-02T14:33:32","guid":{"rendered":"https:\/\/raicesjerezanas.com\/?p=16592"},"modified":"2023-07-14T04:25:38","modified_gmt":"2023-07-14T04:25:38","slug":"inicia-rehabilitacion-del-camino-a-puerta-de-chula","status":"publish","type":"post","link":"https:\/\/raicesjerezanas.com\/?p=16592","title":{"rendered":"INICIA REHABILITACI\u00d3N DEL CAMINO A PUERTA DE CHULA"},"content":{"rendered":"<p>La Direcci\u00f3n de Obras y Servicios P\u00fablicos, a trav\u00e9s del Departamento de Maquinaria Pesada, contin\u00faa brindando atenci\u00f3n en comunidades que solicitan el apoyo en la mejora de caminos o caminos saca cosechas.<\/p>\n<p>En la comunidad de Puerta de Chula, el Presidente Municipal Antonio Aceves S\u00e1nchez estableci\u00f3 el compromiso de reparar el camino que conduce al poblado debido a que ya se encontraba en malas condiciones.<\/p>\n<p>El acuerdo consisti\u00f3 en que los beneficiarios comprar\u00edan el diesel y el Ayuntamiento dispondr\u00eda la maquinaria para realizar trabajos en la reparaci\u00f3n de dos mil metros lineales, con escarificaci\u00f3n del suelo con la moto conformadora y compactaci\u00f3n.<\/p>\n<p>El Delegado de Puerta de Chula, Nazario Guti\u00e9rrez, agradeci\u00f3 al alcalde el apoyo que se brinda debido a que desde hace a\u00f1os se hab\u00eda hecho la solicitud a anteriores administraciones sin obtener resultados favorables.<\/p>\n","protected":false},"excerpt":{"rendered":"<div class=\"mh-excerpt\"><p>La Direcci\u00f3n de Obras y Servicios P\u00fablicos, a trav\u00e9s del Departamento de Maquinaria Pesada, contin\u00faa brindando atenci\u00f3n en comunidades que solicitan el apoyo en la <a class=\"mh-excerpt-more\" href=\"https:\/\/raicesjerezanas.com\/?p=16592\" title=\"INICIA REHABILITACI\u00d3N DEL CAMINO A PUERTA DE CHULA\">&#8230;<\/a><\/p>\n<\/div>","protected":false},"author":1,"featured_media":16593,"comment_status":"closed","ping_status":"closed","sticky":false,"template":"","format":"standard","meta":{"footnotes":""},"categories":[102],"tags":[],"class_list":["post-16592","post","type-post","status-publish","format-standard","has-post-thumbnail","hentry","category-noticias-de-jerez"],"_links":{"self":[{"href":"https:\/\/raicesjerezanas.com\/index.php?rest_route=\/wp\/v2\/posts\/16592","targetHints":{"allow":["GET"]}}],"collection":[{"href":"https:\/\/raicesjerezanas.com\/index.php?rest_route=\/wp\/v2\/posts"}],"about":[{"href":"https:\/\/raicesjerezanas.com\/index.php?rest_route=\/wp\/v2\/types\/post"}],"author":[{"embeddable":true,"href":"https:\/\/raicesjerezanas.com\/index.php?rest_route=\/wp\/v2\/users\/1"}],"replies":[{"embeddable":true,"href":"https:\/\/raicesjerezanas.com\/index.php?rest_route=%2Fwp%2Fv2%2Fcomments&post=16592"}],"version-history":[{"count":0,"href":"https:\/\/raicesjerezanas.com\/index.php?rest_route=\/wp\/v2\/posts\/16592\/revisions"}],"wp:featuredmedia":[{"embeddable":true,"href":"https:\/\/raicesjerezanas.com\/index.php?rest_route=\/wp\/v2\/media\/16593"}],"wp:attachment":[{"href":"https:\/\/raicesjerezanas.com\/index.php?rest_route=%2Fwp%2Fv2%2Fmedia&parent=16592"}],"wp:term":[{"taxonomy":"category","embeddable":true,"href":"https:\/\/raicesjerezanas.com\/index.php?rest_route=%2Fwp%2Fv2%2Fcategories&post=16592"},{"taxonomy":"post_tag","embeddable":true,"href":"https:\/\/raicesjerezanas.com\/index.php?rest_route=%2Fwp%2Fv2%2Ftags&post=16592"}],"curies":[{"name":"wp","href":"https:\/\/api.w.org\/{rel}","templated":true}]}}