{"id":16595,"date":"2020-04-03T16:00:45","date_gmt":"2020-04-03T22:00:45","guid":{"rendered":"https:\/\/raicesjerezanas.com\/?p=16595"},"modified":"2023-07-14T04:25:38","modified_gmt":"2023-07-14T04:25:38","slug":"suspende-jerez-corridas-de-autobuses-provenientes-de-estados-unidos","status":"publish","type":"post","link":"https:\/\/raicesjerezanas.com\/?p=16595","title":{"rendered":"SUSPENDE JEREZ CORRIDAS DE AUTOBUSES PROVENIENTES DE ESTADOS UNIDOS"},"content":{"rendered":"<p>-En coordinaci\u00f3n con la SCT se vigilar\u00e1 su circulaci\u00f3n en el municipio<\/p>\n<p>A m\u00e1s tardar el pr\u00f3ximo 6 de abril, Jerez suspender\u00e1 las corridas de todos aquellos autobuses que provengan de los Estados Unidos, as\u00ed como las de salida.<\/p>\n<p>Esto en com\u00fan acuerdo del Alcalde Antonio Aceves S\u00e1nchez y el Director Regional de la Secretar\u00eda de Comunicaciones y Transportes (SCT) Jorge Ra\u00fal Aguilar Villegas, para atender la preocupaci\u00f3n de la sociedad jerezana con respecto a la circulaci\u00f3n de tales veh\u00edculos en el municipio durante esta contingencia.<\/p>\n<p>Entre los acuerdos, est\u00e1 que las agencias tur\u00edsticas deber\u00e1n cancelar los viajes ya que su operatividad no contribuye a los protocolos sanitarios establecidos.<\/p>\n<p>Estas unidades de transporte no cuentan con filtro sanitario ni medidas de seguridad y sanitizaci\u00f3n.<\/p>\n<p>En este sentido el alcalde pidi\u00f3 que se exija a las empresas que en el trayecto verifiquen la posible presencia de s\u00edntomas en personal y pasajeros, requisito primordial que no ha sido acatado.<\/p>\n<p>\u201cEstamos dando atenci\u00f3n al reclamo social. Quienes se preocupan por su salud y la de sus familias, tengan en cuenta que estamos trabajando porque queremos tener un Jerez sano\u201d, puntualiz\u00f3.<\/p>\n<p>La SCT contribuir\u00e1 adem\u00e1s con el env\u00edo de personal de medicina preventiva, verificadores y dem\u00e1s equipo para que haya un monitoreo constante en las carreteras de acceso al Pueblo M\u00e1gico, toda vez que solo la Federaci\u00f3n puede regular el funcionamiento de las distintas l\u00edneas de transporte.<\/p>\n<p>Tambi\u00e9n se suspender\u00e1n las placas para productos tur\u00edsticos emitidas a nivel estatal hasta que pase la alerta. Otra medida es la instalaci\u00f3n de un filtro sanitario en la salida a Fresnillo resguardado por la Guardia Nacional y atendido por personal del Sector Salud para garantizar la revisi\u00f3n de cada autob\u00fas.<\/p>\n<p>A la reuni\u00f3n tambi\u00e9n acudi\u00f3 el Secretario de Gobierno Liborio Carrillo Castro, Salvador L\u00f3pez, Subdirector de Autotransporte Federal; Fernando Rinc\u00f3n, Jefe del Departamento de Autotransporte Federal y Roberto C\u00f3rdova, Jefe del Departamento de Medicina Preventiva de la SCT.<\/p>\n","protected":false},"excerpt":{"rendered":"<div class=\"mh-excerpt\"><p>-En coordinaci\u00f3n con la SCT se vigilar\u00e1 su circulaci\u00f3n en el municipio A m\u00e1s tardar el pr\u00f3ximo 6 de abril, Jerez suspender\u00e1 las corridas de <a class=\"mh-excerpt-more\" href=\"https:\/\/raicesjerezanas.com\/?p=16595\" title=\"SUSPENDE JEREZ CORRIDAS DE AUTOBUSES PROVENIENTES DE ESTADOS UNIDOS\">&#8230;<\/a><\/p>\n<\/div>","protected":false},"author":1,"featured_media":16596,"comment_status":"closed","ping_status":"closed","sticky":false,"template":"","format":"standard","meta":{"footnotes":""},"categories":[102],"tags":[],"class_list":["post-16595","post","type-post","status-publish","format-standard","has-post-thumbnail","hentry","category-noticias-de-jerez"],"_links":{"self":[{"href":"https:\/\/raicesjerezanas.com\/index.php?rest_route=\/wp\/v2\/posts\/16595","targetHints":{"allow":["GET"]}}],"collection":[{"href":"https:\/\/raicesjerezanas.com\/index.php?rest_route=\/wp\/v2\/posts"}],"about":[{"href":"https:\/\/raicesjerezanas.com\/index.php?rest_route=\/wp\/v2\/types\/post"}],"author":[{"embeddable":true,"href":"https:\/\/raicesjerezanas.com\/index.php?rest_route=\/wp\/v2\/users\/1"}],"replies":[{"embeddable":true,"href":"https:\/\/raicesjerezanas.com\/index.php?rest_route=%2Fwp%2Fv2%2Fcomments&post=16595"}],"version-history":[{"count":0,"href":"https:\/\/raicesjerezanas.com\/index.php?rest_route=\/wp\/v2\/posts\/16595\/revisions"}],"wp:featuredmedia":[{"embeddable":true,"href":"https:\/\/raicesjerezanas.com\/index.php?rest_route=\/wp\/v2\/media\/16596"}],"wp:attachment":[{"href":"https:\/\/raicesjerezanas.com\/index.php?rest_route=%2Fwp%2Fv2%2Fmedia&parent=16595"}],"wp:term":[{"taxonomy":"category","embeddable":true,"href":"https:\/\/raicesjerezanas.com\/index.php?rest_route=%2Fwp%2Fv2%2Fcategories&post=16595"},{"taxonomy":"post_tag","embeddable":true,"href":"https:\/\/raicesjerezanas.com\/index.php?rest_route=%2Fwp%2Fv2%2Ftags&post=16595"}],"curies":[{"name":"wp","href":"https:\/\/api.w.org\/{rel}","templated":true}]}}