{"id":16599,"date":"2020-04-07T15:43:47","date_gmt":"2020-04-07T20:43:47","guid":{"rendered":"https:\/\/raicesjerezanas.com\/?p=16599"},"modified":"2023-07-14T04:25:37","modified_gmt":"2023-07-14T04:25:37","slug":"arranca-primera-entrega-de-paquetes-alimentarios-en-jerez","status":"publish","type":"post","link":"https:\/\/raicesjerezanas.com\/?p=16599","title":{"rendered":"ARRANCA PRIMERA ENTREGA DE PAQUETES ALIMENTARIOS EN JEREZ"},"content":{"rendered":"<p>-El beneficio se extender\u00e1 a 5 mil familias jerezanas en condici\u00f3n vulnerable<\/p>\n<p>En apoyo a la econom\u00eda de las familias jerezanas vulneradas por la pandemia del COVID-19, el Alcalde Antonio Aceves S\u00e1nchez arranc\u00f3 la primera etapa de entrega de 5 mil Paquetes Alimentarios que ser\u00e1n llevados a domicilio a sus beneficiarios.<\/p>\n<p>Con la colaboraci\u00f3n de 12 taxistas, se visit\u00f3 un aproximado de 150 hogares para entregar los Paquetes que constan de 26 productos b\u00e1sicos previamente seleccionados por el equipo de nutrici\u00f3n del DIF Municipal.<\/p>\n<p>Aceves S\u00e1nchez recalc\u00f3 que la intenci\u00f3n es evitar que los ciudadanos salgan de sus casas para tambi\u00e9n evitar aglomeraciones, por lo que a la estrategia se sumaron los trabajadores del transporte y servidores p\u00fablicos que har\u00e1n las visitas de lunes a viernes.<\/p>\n<p>Las familias interesadas solo deben hacer una llamada a la l\u00ednea de atenci\u00f3n 800 849 00 00 donde se registrar\u00e1n sus datos, de 10:30 a 14:00 horas.<\/p>\n<p>El alcalde manifest\u00f3 que el esfuerzo solo valdr\u00e1 la pena si la ciudadan\u00eda respeta la recomendaci\u00f3n de resguardarse, y extendi\u00f3 el llamado para quedarse en casa y acatar las medidas sanitarias.<\/p>\n<p>Acompa\u00f1ado por el Director de Desarrollo Econ\u00f3mico y Social Octavio de la Torre y el Coordinador de Delegados, Javier Luna, agradeci\u00f3 y reconoci\u00f3 la solidaridad de taxistas, comercios, ciudadan\u00eda y personal del Ayuntamiento que se han sumado a los trabajos de acopio, empaquetado y entrega de cada Paquete.<\/p>\n","protected":false},"excerpt":{"rendered":"<div class=\"mh-excerpt\"><p>-El beneficio se extender\u00e1 a 5 mil familias jerezanas en condici\u00f3n vulnerable En apoyo a la econom\u00eda de las familias jerezanas vulneradas por la pandemia <a class=\"mh-excerpt-more\" href=\"https:\/\/raicesjerezanas.com\/?p=16599\" title=\"ARRANCA PRIMERA ENTREGA DE PAQUETES ALIMENTARIOS EN JEREZ\">&#8230;<\/a><\/p>\n<\/div>","protected":false},"author":1,"featured_media":16601,"comment_status":"closed","ping_status":"closed","sticky":false,"template":"","format":"standard","meta":{"footnotes":""},"categories":[102],"tags":[],"class_list":["post-16599","post","type-post","status-publish","format-standard","has-post-thumbnail","hentry","category-noticias-de-jerez"],"_links":{"self":[{"href":"https:\/\/raicesjerezanas.com\/index.php?rest_route=\/wp\/v2\/posts\/16599","targetHints":{"allow":["GET"]}}],"collection":[{"href":"https:\/\/raicesjerezanas.com\/index.php?rest_route=\/wp\/v2\/posts"}],"about":[{"href":"https:\/\/raicesjerezanas.com\/index.php?rest_route=\/wp\/v2\/types\/post"}],"author":[{"embeddable":true,"href":"https:\/\/raicesjerezanas.com\/index.php?rest_route=\/wp\/v2\/users\/1"}],"replies":[{"embeddable":true,"href":"https:\/\/raicesjerezanas.com\/index.php?rest_route=%2Fwp%2Fv2%2Fcomments&post=16599"}],"version-history":[{"count":0,"href":"https:\/\/raicesjerezanas.com\/index.php?rest_route=\/wp\/v2\/posts\/16599\/revisions"}],"wp:featuredmedia":[{"embeddable":true,"href":"https:\/\/raicesjerezanas.com\/index.php?rest_route=\/wp\/v2\/media\/16601"}],"wp:attachment":[{"href":"https:\/\/raicesjerezanas.com\/index.php?rest_route=%2Fwp%2Fv2%2Fmedia&parent=16599"}],"wp:term":[{"taxonomy":"category","embeddable":true,"href":"https:\/\/raicesjerezanas.com\/index.php?rest_route=%2Fwp%2Fv2%2Fcategories&post=16599"},{"taxonomy":"post_tag","embeddable":true,"href":"https:\/\/raicesjerezanas.com\/index.php?rest_route=%2Fwp%2Fv2%2Ftags&post=16599"}],"curies":[{"name":"wp","href":"https:\/\/api.w.org\/{rel}","templated":true}]}}