{"id":16605,"date":"2020-04-08T15:03:21","date_gmt":"2020-04-08T20:03:21","guid":{"rendered":"https:\/\/raicesjerezanas.com\/?p=16605"},"modified":"2023-07-14T04:25:37","modified_gmt":"2023-07-14T04:25:37","slug":"continua-servicio-en-rastro-municipal-bajo-estrictas-medidas-de-higiene","status":"publish","type":"post","link":"https:\/\/raicesjerezanas.com\/?p=16605","title":{"rendered":"CONTIN\u00daA SERVICIO EN RASTRO MUNICIPAL BAJO ESTRICTAS MEDIDAS DE HIGIENE"},"content":{"rendered":"<p>Derivado de la contingencia sanitaria en el municipio, el Rastro Municipal de Jerez reforz\u00f3 sus medidas sanitarias para continuar con las labores cotidianas de matanza.<\/p>\n<p>El Administrador Osvaldo Mej\u00eda Barraza, detall\u00f3 que en primera instancia se proh\u00edbe el ingreso a toda persona ajena al lugar, adem\u00e1s de cumplir con la distancia segura y sanitizaci\u00f3n del personal, herramientas y los distintos espacios para que la carne no est\u00e9 en contacto con ning\u00fan tipo de contaminaci\u00f3n.<\/p>\n<p>Durante estas semanas se modific\u00f3 el horario de matanza de 11 a 9 de la ma\u00f1ana, sin embargo, se contempla reagendar el calendario de servicio en caso que se agudice la situaci\u00f3n sanitaria.<\/p>\n<p>\u00abEl trabajo disminuy\u00f3 en un 50 por ciento debido a que muchas carnicer\u00edas y taquer\u00edas cerraron, sabemos que es un servicio p\u00fablico el que ofrecemos y lo tenemos que dar a quien lo solicite\u00bb, finaliz\u00f3.<\/p>\n","protected":false},"excerpt":{"rendered":"<div class=\"mh-excerpt\"><p>Derivado de la contingencia sanitaria en el municipio, el Rastro Municipal de Jerez reforz\u00f3 sus medidas sanitarias para continuar con las labores cotidianas de matanza. <a class=\"mh-excerpt-more\" href=\"https:\/\/raicesjerezanas.com\/?p=16605\" title=\"CONTIN\u00daA SERVICIO EN RASTRO MUNICIPAL BAJO ESTRICTAS MEDIDAS DE HIGIENE\">&#8230;<\/a><\/p>\n<\/div>","protected":false},"author":1,"featured_media":16606,"comment_status":"closed","ping_status":"closed","sticky":false,"template":"","format":"standard","meta":{"footnotes":""},"categories":[102],"tags":[],"class_list":["post-16605","post","type-post","status-publish","format-standard","has-post-thumbnail","hentry","category-noticias-de-jerez"],"_links":{"self":[{"href":"https:\/\/raicesjerezanas.com\/index.php?rest_route=\/wp\/v2\/posts\/16605","targetHints":{"allow":["GET"]}}],"collection":[{"href":"https:\/\/raicesjerezanas.com\/index.php?rest_route=\/wp\/v2\/posts"}],"about":[{"href":"https:\/\/raicesjerezanas.com\/index.php?rest_route=\/wp\/v2\/types\/post"}],"author":[{"embeddable":true,"href":"https:\/\/raicesjerezanas.com\/index.php?rest_route=\/wp\/v2\/users\/1"}],"replies":[{"embeddable":true,"href":"https:\/\/raicesjerezanas.com\/index.php?rest_route=%2Fwp%2Fv2%2Fcomments&post=16605"}],"version-history":[{"count":0,"href":"https:\/\/raicesjerezanas.com\/index.php?rest_route=\/wp\/v2\/posts\/16605\/revisions"}],"wp:featuredmedia":[{"embeddable":true,"href":"https:\/\/raicesjerezanas.com\/index.php?rest_route=\/wp\/v2\/media\/16606"}],"wp:attachment":[{"href":"https:\/\/raicesjerezanas.com\/index.php?rest_route=%2Fwp%2Fv2%2Fmedia&parent=16605"}],"wp:term":[{"taxonomy":"category","embeddable":true,"href":"https:\/\/raicesjerezanas.com\/index.php?rest_route=%2Fwp%2Fv2%2Fcategories&post=16605"},{"taxonomy":"post_tag","embeddable":true,"href":"https:\/\/raicesjerezanas.com\/index.php?rest_route=%2Fwp%2Fv2%2Ftags&post=16605"}],"curies":[{"name":"wp","href":"https:\/\/api.w.org\/{rel}","templated":true}]}}