{"id":16607,"date":"2020-04-07T11:10:33","date_gmt":"2020-04-07T16:10:33","guid":{"rendered":"https:\/\/raicesjerezanas.com\/?p=16607"},"modified":"2023-07-14T04:25:37","modified_gmt":"2023-07-14T04:25:37","slug":"consolidan-programas-de-apoyo-para-familias-jerezanas-durante-contingencia-sanitaria","status":"publish","type":"post","link":"https:\/\/raicesjerezanas.com\/?p=16607","title":{"rendered":"CONSOLIDAN PROGRAMAS DE APOYO PARA FAMILIAS JEREZANAS DURANTE CONTINGENCIA SANITARIA"},"content":{"rendered":"<p>Para brindar m\u00e1s apoyos a las familias vulnerables de Jerez durante la contingencia por el COVID-19, el Presidente Municipal Antonio Aceves S\u00e1nchez se reuni\u00f3n con el titular de la Secretar\u00eda de Desarrollo Social (SEDESOL) Roberto Lu\u00e9vano Ru\u00edz, para acodar acciones conjuntas.<\/p>\n<p>A\u00fan cuando el municipio ya cuenta con un plan de ayuda para aquellos ciudadanos que se quedaron sin empleo por la situaci\u00f3n sanitaria, Aceves S\u00e1nchez busca que los apoyos se extiendan a m\u00e1s jerezanos por lo que acord\u00f3 con la autoridad estatal la implementaci\u00f3n de tres posibles programas.<\/p>\n<p>Dos de ellos contemplan la entrega de 2 mil 632 despensas adicionales a las que dar\u00e1 el Ayuntamiento, mientras que el tercero consistir\u00eda en facilitar autoempleo temporal a 200 familias para que saniticen sus casas, incluyendo los productos de limpieza que se requieran.<\/p>\n<p>Tales apoyos se destinar\u00e1n principalmente a hogares con adultos de 60 a 69 a\u00f1os, ya que el resto cuenta con alg\u00fan incentivo econ\u00f3mico por parte de la Federaci\u00f3n o el Estado, para no duplicar los apoyos y el respaldo sea para todos.<\/p>\n<p>El primer paso ser\u00e1 trabajar en una plataforma digital modular que ayudar\u00e1 a evaluar las condiciones socioecon\u00f3micas de las familias candidatas a recibir el beneficio.<\/p>\n","protected":false},"excerpt":{"rendered":"<div class=\"mh-excerpt\"><p>Para brindar m\u00e1s apoyos a las familias vulnerables de Jerez durante la contingencia por el COVID-19, el Presidente Municipal Antonio Aceves S\u00e1nchez se reuni\u00f3n con <a class=\"mh-excerpt-more\" href=\"https:\/\/raicesjerezanas.com\/?p=16607\" title=\"CONSOLIDAN PROGRAMAS DE APOYO PARA FAMILIAS JEREZANAS DURANTE CONTINGENCIA SANITARIA\">&#8230;<\/a><\/p>\n<\/div>","protected":false},"author":1,"featured_media":16608,"comment_status":"closed","ping_status":"closed","sticky":false,"template":"","format":"standard","meta":{"footnotes":""},"categories":[102],"tags":[],"class_list":["post-16607","post","type-post","status-publish","format-standard","has-post-thumbnail","hentry","category-noticias-de-jerez"],"_links":{"self":[{"href":"https:\/\/raicesjerezanas.com\/index.php?rest_route=\/wp\/v2\/posts\/16607","targetHints":{"allow":["GET"]}}],"collection":[{"href":"https:\/\/raicesjerezanas.com\/index.php?rest_route=\/wp\/v2\/posts"}],"about":[{"href":"https:\/\/raicesjerezanas.com\/index.php?rest_route=\/wp\/v2\/types\/post"}],"author":[{"embeddable":true,"href":"https:\/\/raicesjerezanas.com\/index.php?rest_route=\/wp\/v2\/users\/1"}],"replies":[{"embeddable":true,"href":"https:\/\/raicesjerezanas.com\/index.php?rest_route=%2Fwp%2Fv2%2Fcomments&post=16607"}],"version-history":[{"count":0,"href":"https:\/\/raicesjerezanas.com\/index.php?rest_route=\/wp\/v2\/posts\/16607\/revisions"}],"wp:featuredmedia":[{"embeddable":true,"href":"https:\/\/raicesjerezanas.com\/index.php?rest_route=\/wp\/v2\/media\/16608"}],"wp:attachment":[{"href":"https:\/\/raicesjerezanas.com\/index.php?rest_route=%2Fwp%2Fv2%2Fmedia&parent=16607"}],"wp:term":[{"taxonomy":"category","embeddable":true,"href":"https:\/\/raicesjerezanas.com\/index.php?rest_route=%2Fwp%2Fv2%2Fcategories&post=16607"},{"taxonomy":"post_tag","embeddable":true,"href":"https:\/\/raicesjerezanas.com\/index.php?rest_route=%2Fwp%2Fv2%2Ftags&post=16607"}],"curies":[{"name":"wp","href":"https:\/\/api.w.org\/{rel}","templated":true}]}}