{"id":16610,"date":"2020-04-06T16:46:36","date_gmt":"2020-04-06T21:46:36","guid":{"rendered":"https:\/\/raicesjerezanas.com\/?p=16610"},"modified":"2023-07-14T04:25:37","modified_gmt":"2023-07-14T04:25:37","slug":"activan-linea-de-atencion-para-entrega-de-paquetes-alimentarios-en-jerez","status":"publish","type":"post","link":"https:\/\/raicesjerezanas.com\/?p=16610","title":{"rendered":"ACTIVAN L\u00cdNEA DE ATENCI\u00d3N PARA ENTREGA DE PAQUETES ALIMENTARIOS EN JEREZ"},"content":{"rendered":"<p><strong>Los interesados en recibir un Paquete Alimentario deber\u00e1n comunicarse al 800 849 00 00<\/strong><\/p>\n<p>El Alcalde de Jerez Antonio Aceves S\u00e1nchez, puso en funcionamiento la l\u00ednea de atenci\u00f3n para inscribirse al programa de Paquetes Alimentarios que beneficiar\u00e1 a las familias afectadas por los estragos de la pandemia del COVID-19.<\/p>\n<p>En su primera etapa, la estrategia busca contribuir a la econom\u00eda de todos aquellos que han dejado de percibir ingresos por las disposiciones sanitarias.<\/p>\n<p>El n\u00famero es 800 849 00 00 y tendr\u00e1 10 l\u00edneas a las que los interesados podr\u00e1n comunicarse desde su celular o tel\u00e9fono fijo de lunes a viernes en horario de 10:30 de la ma\u00f1ana a 2:00 de la tarde.<\/p>\n<p>Al llamar deber\u00e1n tener a la mano credencial de elector, comprobante de domicilio y acta de nacimiento. En caso de no tener esta \u00faltima, hacerlo saber al operador para realizar su tr\u00e1mite de manera gratuita.<\/p>\n<p>Aceves S\u00e1nchez enfatiz\u00f3 que la inscripci\u00f3n solo podr\u00e1 realizarse por este medio para evitar aglomeraciones en las distintas oficinas del Ayuntamiento, raz\u00f3n por la cual los Paquetes se entregar\u00e1n a domicilio.<\/p>\n<p>\u00abNo queremos que salgan de casa, con una llamada pueden registrarse, queremos que se cuiden y a su vez protejan a su familia\u201d.<\/p>\n<p>Los Paquetes Alimentarios fueron dise\u00f1ados por nutri\u00f3logos del DIF Municipal y consta de m\u00e1s de 20 art\u00edculos b\u00e1sicos como lentejas, arroz, pastas, az\u00facar, harina de trigo, soya, avena, at\u00fan, aceite, papel higi\u00e9nico, jab\u00f3n de ba\u00f1o, l\u00edquido y de barra.<\/p>\n","protected":false},"excerpt":{"rendered":"<div class=\"mh-excerpt\"><p>Los interesados en recibir un Paquete Alimentario deber\u00e1n comunicarse al 800 849 00 00 El Alcalde de Jerez Antonio Aceves S\u00e1nchez, puso en funcionamiento la <a class=\"mh-excerpt-more\" href=\"https:\/\/raicesjerezanas.com\/?p=16610\" title=\"ACTIVAN L\u00cdNEA DE ATENCI\u00d3N PARA ENTREGA DE PAQUETES ALIMENTARIOS EN JEREZ\">&#8230;<\/a><\/p>\n<\/div>","protected":false},"author":1,"featured_media":16611,"comment_status":"closed","ping_status":"closed","sticky":false,"template":"","format":"standard","meta":{"footnotes":""},"categories":[102],"tags":[],"class_list":["post-16610","post","type-post","status-publish","format-standard","has-post-thumbnail","hentry","category-noticias-de-jerez"],"_links":{"self":[{"href":"https:\/\/raicesjerezanas.com\/index.php?rest_route=\/wp\/v2\/posts\/16610","targetHints":{"allow":["GET"]}}],"collection":[{"href":"https:\/\/raicesjerezanas.com\/index.php?rest_route=\/wp\/v2\/posts"}],"about":[{"href":"https:\/\/raicesjerezanas.com\/index.php?rest_route=\/wp\/v2\/types\/post"}],"author":[{"embeddable":true,"href":"https:\/\/raicesjerezanas.com\/index.php?rest_route=\/wp\/v2\/users\/1"}],"replies":[{"embeddable":true,"href":"https:\/\/raicesjerezanas.com\/index.php?rest_route=%2Fwp%2Fv2%2Fcomments&post=16610"}],"version-history":[{"count":0,"href":"https:\/\/raicesjerezanas.com\/index.php?rest_route=\/wp\/v2\/posts\/16610\/revisions"}],"wp:featuredmedia":[{"embeddable":true,"href":"https:\/\/raicesjerezanas.com\/index.php?rest_route=\/wp\/v2\/media\/16611"}],"wp:attachment":[{"href":"https:\/\/raicesjerezanas.com\/index.php?rest_route=%2Fwp%2Fv2%2Fmedia&parent=16610"}],"wp:term":[{"taxonomy":"category","embeddable":true,"href":"https:\/\/raicesjerezanas.com\/index.php?rest_route=%2Fwp%2Fv2%2Fcategories&post=16610"},{"taxonomy":"post_tag","embeddable":true,"href":"https:\/\/raicesjerezanas.com\/index.php?rest_route=%2Fwp%2Fv2%2Ftags&post=16610"}],"curies":[{"name":"wp","href":"https:\/\/api.w.org\/{rel}","templated":true}]}}