{"id":16612,"date":"2020-04-05T12:05:11","date_gmt":"2020-04-05T17:05:11","guid":{"rendered":"https:\/\/raicesjerezanas.com\/?p=16612"},"modified":"2023-07-14T04:25:38","modified_gmt":"2023-07-14T04:25:38","slug":"jerez-da-a-conocer-su-estrategia-de-prevencion-contra-el-covid-19","status":"publish","type":"post","link":"https:\/\/raicesjerezanas.com\/?p=16612","title":{"rendered":"JEREZ DA A CONOCER SU ESTRATEGIA DE PREVENCI\u00d3N CONTRA EL COVID-19"},"content":{"rendered":"<p>En videoconferencia con 12 Alcaldes del Estado, Antonio Aceves S\u00e1nchez dio a conocer la estrategia implementada en Jerez para combatir la propagaci\u00f3n del COVID-19.<\/p>\n<p>Las medidas preventivas se tomaron desde el 11 de marzo, y para consolidarlo como un Municipio Responsable, la primera decisi\u00f3n fue suspender la Feria de Primavera 2020.<\/p>\n<p>A la par se lanz\u00f3 una campa\u00f1a informativa sobre las medidas de prevenci\u00f3n, formas de contagio y distintas recomendaciones. Asimismo se reubic\u00f3 el Tianguis Dominical del centro a la explanada de la Feria, con el objetivo de evitar aglomeraciones y sobre todo que la econom\u00eda local no se viera tan afectada.<\/p>\n<p>Adem\u00e1s para beneficiar a los sectores m\u00e1s vulnerables se lanz\u00f3 un programa de Paquetes Alimentarios para el sector de m\u00fasicos, comerciantes, adultos mayores, personas con discapacidad y personal del transporte p\u00fablico, adem\u00e1s de la repartici\u00f3n de 5 litros de hipoclorito de sodio por familia para que el primer filtro sanitario sean los hogares.<\/p>\n<p>Tambi\u00e9n destacan la sanitizaci\u00f3n de calles con aspersoras de turbina y la entrega de material sanitario al Sector Salud para que el personal est\u00e9 preparado para cualquier situaci\u00f3n de riesgo.<\/p>\n<p>Aceves S\u00e1nchez tambi\u00e9n comparti\u00f3 la estrategia de la plataforma de Facebook Compra en Jerez para que los comerciales puedan proporcionar sus productos y servicios.<\/p>\n<p>Rub\u00e9n Dur\u00e1n Tiscare\u00f1o, representante de la Jurisdicci\u00f3n Sanitaria 6, indic\u00f3 que las dos semanas siguientes ser\u00e1n escenciales en la propagaci\u00f3n del virus, destacando que por ahora los \u00fanicos establecimientos que deben seguir abiertos, son los que ofrezcan los productos de primera necesidad.<\/p>\n<p>Con esta medida disminuir\u00e1n las aglomeraciones que representan puntos de contagio para los ciudadanos.<\/p>\n<p>Finalmente el alcalde jerezano asegur\u00f3 que Jerez se mantendr\u00e1 firme y responsable con el refuerzo de las medidas preventivas, por lo que invit\u00f3 a las familias a hacer equipo, quedarse en casa y cuidar a los grupos vulnerables.<\/p>\n","protected":false},"excerpt":{"rendered":"<div class=\"mh-excerpt\"><p>En videoconferencia con 12 Alcaldes del Estado, Antonio Aceves S\u00e1nchez dio a conocer la estrategia implementada en Jerez para combatir la propagaci\u00f3n del COVID-19. Las <a class=\"mh-excerpt-more\" href=\"https:\/\/raicesjerezanas.com\/?p=16612\" title=\"JEREZ DA A CONOCER SU ESTRATEGIA DE PREVENCI\u00d3N CONTRA EL COVID-19\">&#8230;<\/a><\/p>\n<\/div>","protected":false},"author":1,"featured_media":16613,"comment_status":"closed","ping_status":"closed","sticky":false,"template":"","format":"standard","meta":{"footnotes":""},"categories":[102],"tags":[],"class_list":["post-16612","post","type-post","status-publish","format-standard","has-post-thumbnail","hentry","category-noticias-de-jerez"],"_links":{"self":[{"href":"https:\/\/raicesjerezanas.com\/index.php?rest_route=\/wp\/v2\/posts\/16612","targetHints":{"allow":["GET"]}}],"collection":[{"href":"https:\/\/raicesjerezanas.com\/index.php?rest_route=\/wp\/v2\/posts"}],"about":[{"href":"https:\/\/raicesjerezanas.com\/index.php?rest_route=\/wp\/v2\/types\/post"}],"author":[{"embeddable":true,"href":"https:\/\/raicesjerezanas.com\/index.php?rest_route=\/wp\/v2\/users\/1"}],"replies":[{"embeddable":true,"href":"https:\/\/raicesjerezanas.com\/index.php?rest_route=%2Fwp%2Fv2%2Fcomments&post=16612"}],"version-history":[{"count":0,"href":"https:\/\/raicesjerezanas.com\/index.php?rest_route=\/wp\/v2\/posts\/16612\/revisions"}],"wp:featuredmedia":[{"embeddable":true,"href":"https:\/\/raicesjerezanas.com\/index.php?rest_route=\/wp\/v2\/media\/16613"}],"wp:attachment":[{"href":"https:\/\/raicesjerezanas.com\/index.php?rest_route=%2Fwp%2Fv2%2Fmedia&parent=16612"}],"wp:term":[{"taxonomy":"category","embeddable":true,"href":"https:\/\/raicesjerezanas.com\/index.php?rest_route=%2Fwp%2Fv2%2Fcategories&post=16612"},{"taxonomy":"post_tag","embeddable":true,"href":"https:\/\/raicesjerezanas.com\/index.php?rest_route=%2Fwp%2Fv2%2Ftags&post=16612"}],"curies":[{"name":"wp","href":"https:\/\/api.w.org\/{rel}","templated":true}]}}