{"id":16618,"date":"2020-04-10T20:14:17","date_gmt":"2020-04-11T01:14:17","guid":{"rendered":"https:\/\/raicesjerezanas.com\/?p=16618"},"modified":"2023-07-14T04:25:36","modified_gmt":"2023-07-14T04:25:36","slug":"realizaran-operativo-de-seguridad-durante-dias-santos-en-el-municipio","status":"publish","type":"post","link":"https:\/\/raicesjerezanas.com\/?p=16618","title":{"rendered":"REALIZAR\u00c1N OPERATIVO DE SEGURIDAD DURANTE DIAS SANTOS EN EL MUNICIPIO"},"content":{"rendered":"<p>El Licenciado Liborio Carrillo Castro Secretario de Gobierno en el municipio, ante la encomienda del Alcalde Antonio Aceves S\u00e1nchez de mantener en resguardo a la ciudadan\u00eda ante esta contingencia, asisti\u00f3 a reuni\u00f3n con diferentes corporaciones que realizar\u00e1n un operativo de Seguridad durante los d\u00edas santos.<\/p>\n<p>A partir de hoy y hasta el s\u00e1bado m\u00e1s de 160 elementos pertenecientes al Ej\u00e9rcito Mexicano, la Guardia Nacional, Polic\u00eda Federal, Estatal, adem\u00e1s de Seguridad P\u00fablica, de investigaci\u00f3n y preventiva, as\u00ed como Protecci\u00f3n Civil ser\u00e1n quienes resguarden al municipio.<\/p>\n<p>Estas corporaciones realizar\u00e1n rondines en la cabecera municipal y se distribuir\u00e1n en puntos estrat\u00e9gicos para mantener vigilado las 24 horas.<\/p>\n<p>Mencion\u00f3 que al no haber ning\u00fan evento programado y ante las medidas preventivas emitidas por parte del Sector Salud, no habr\u00e1 tolerancia con la gente que intente hacer desorden, por lo que queda totalmente prohibido tomar bebidas, salir y realizar aglomeraciones en la v\u00eda p\u00fablica, y privada as\u00ed como no se permitir\u00e1n cabalgantes en el municipio.<\/p>\n<p>Se instalar\u00e1n filtros sanitarios en las entradas del municipio, dejando en claro a quienes entren que no hay festividades y que la indicaci\u00f3n es estar en aislamiento. Tambi\u00e9n se instalar\u00e1 el alcohol\u00edmetro en puntos estrat\u00e9gicos del municipio.<\/p>\n<p>Resalt\u00f3 que la salud de las familias jerezanas est\u00e1 por encima de cualquier celebraci\u00f3n, por lo que se invita a la gente a permanecer en sus casas y salir solo si es realmente necesario.<\/p>\n","protected":false},"excerpt":{"rendered":"<div class=\"mh-excerpt\"><p>El Licenciado Liborio Carrillo Castro Secretario de Gobierno en el municipio, ante la encomienda del Alcalde Antonio Aceves S\u00e1nchez de mantener en resguardo a la <a class=\"mh-excerpt-more\" href=\"https:\/\/raicesjerezanas.com\/?p=16618\" title=\"REALIZAR\u00c1N OPERATIVO DE SEGURIDAD DURANTE DIAS SANTOS EN EL MUNICIPIO\">&#8230;<\/a><\/p>\n<\/div>","protected":false},"author":1,"featured_media":16619,"comment_status":"closed","ping_status":"closed","sticky":false,"template":"","format":"standard","meta":{"footnotes":""},"categories":[102],"tags":[],"class_list":["post-16618","post","type-post","status-publish","format-standard","has-post-thumbnail","hentry","category-noticias-de-jerez"],"_links":{"self":[{"href":"https:\/\/raicesjerezanas.com\/index.php?rest_route=\/wp\/v2\/posts\/16618","targetHints":{"allow":["GET"]}}],"collection":[{"href":"https:\/\/raicesjerezanas.com\/index.php?rest_route=\/wp\/v2\/posts"}],"about":[{"href":"https:\/\/raicesjerezanas.com\/index.php?rest_route=\/wp\/v2\/types\/post"}],"author":[{"embeddable":true,"href":"https:\/\/raicesjerezanas.com\/index.php?rest_route=\/wp\/v2\/users\/1"}],"replies":[{"embeddable":true,"href":"https:\/\/raicesjerezanas.com\/index.php?rest_route=%2Fwp%2Fv2%2Fcomments&post=16618"}],"version-history":[{"count":0,"href":"https:\/\/raicesjerezanas.com\/index.php?rest_route=\/wp\/v2\/posts\/16618\/revisions"}],"wp:featuredmedia":[{"embeddable":true,"href":"https:\/\/raicesjerezanas.com\/index.php?rest_route=\/wp\/v2\/media\/16619"}],"wp:attachment":[{"href":"https:\/\/raicesjerezanas.com\/index.php?rest_route=%2Fwp%2Fv2%2Fmedia&parent=16618"}],"wp:term":[{"taxonomy":"category","embeddable":true,"href":"https:\/\/raicesjerezanas.com\/index.php?rest_route=%2Fwp%2Fv2%2Fcategories&post=16618"},{"taxonomy":"post_tag","embeddable":true,"href":"https:\/\/raicesjerezanas.com\/index.php?rest_route=%2Fwp%2Fv2%2Ftags&post=16618"}],"curies":[{"name":"wp","href":"https:\/\/api.w.org\/{rel}","templated":true}]}}