{"id":16625,"date":"2020-04-16T16:04:55","date_gmt":"2020-04-16T21:04:55","guid":{"rendered":"https:\/\/raicesjerezanas.com\/?p=16625"},"modified":"2023-07-14T04:25:35","modified_gmt":"2023-07-14T04:25:35","slug":"ante-la-contingencia-solo-permaneceran-abiertos-los-establecimientos-de-primera-necesidad","status":"publish","type":"post","link":"https:\/\/raicesjerezanas.com\/?p=16625","title":{"rendered":"ANTE LA CONTINGENCIA, SOLO PERMANECER\u00c1N ABIERTOS LOS ESTABLECIMIENTOS DE PRIMERA NECESIDAD"},"content":{"rendered":"<p>*Se cerrar\u00e1 el primer cuadro a partir de las 3 de la tarde, la gente debe estar en casa.<\/p>\n<p>En Jerez, estamos en el momento m\u00e1s grave y delicado de esta crisis de salud.<\/p>\n<p>A pesar de los grandes esfuerzos y de ser uno de los municipios que m\u00e1s di\u00e1logo ha tenido con todos los sectores y que m\u00e1s acciones de prevenci\u00f3n ha realizado, hoy el virus letal del coronavirus ya est\u00e1 entre nosotros, en nuestras calles y a la puerta de nuestros hogares, y se puede contraer en el lugar menos pensado.<\/p>\n<p>Despu\u00e9s de un mes de haber hecho un llamado a la conciencia y a la raz\u00f3n de la ciudadan\u00eda, el Ayuntamiento ha decidido endurecer las medidas de prevenci\u00f3n de acuerdo a las facultades que le otorga el art\u00edculo 61, en sus fracciones 2, 3 y 4, el art\u00edculo 80 en su fracci\u00f3n tercera de la Ley Org\u00e1nica del Municipio y en l\u00ednea con el acuerdo emitido por el Gobierno del Estado ante la emergencia sanitaria del Covid 19.<\/p>\n<p>Las medidas son:<\/p>\n<p>1.- Se establecer\u00e1n filtros de entrada y salida en los tres principales accesos a Jerez, a partir de las 9 a.m. y hasta las 3:00 p.m., con el objeto de que ingrese una sola persona a cualquier actividad productiva y\/o comercial para as\u00ed evitar aglomeraciones. Para quienes no sean del municipio tendr\u00e1n que justificar el motivo de su visita apeg\u00e1ndose a la disposici\u00f3n mencionada y s\u00f3lo lo podr\u00e1n hacer de una persona por veh\u00edculo, salvo casos de extrema necesidad.<\/p>\n<p>2- Despu\u00e9s de la 3 p.m., toda persona a pie o en veh\u00edculo que circule por la v\u00eda p\u00fablica, ser\u00e1 apercibido por las corporaciones de Seguridad P\u00fablica y Vial, se amonestar\u00e1 a regresar a sus hogares, se le tomar\u00e1n sus datos y de haber resistencia, se remitir\u00e1 a reclusi\u00f3n las horas que determine el juez calificador.<\/p>\n<p>3.- A partir de ma\u00f1ana, se realizar\u00e1 un operativo integral de vigilancia entre las autoridades de salud en conjunto con Seguridad P\u00fablica y Vial, para cerrar todos los establecimientos que no son de primera necesidad. Solo podr\u00e1n permanecer abiertos los negocios que se dieron a conocer en el acuerdo del Gobierno del Estado del d\u00eda 8 de abril en materia de salubridad general.<\/p>\n<p>4.- Se cerrar\u00e1n todos los espacios p\u00fablicos, empezando por el Jard\u00edn Principal, la Alameda y el Jard\u00edn Hidalgo, reforzando con vigilancia para evitar totalmente la asistencia y permanencia, as\u00ed como tambi\u00e9n despu\u00e9s de las 3 p.m. se cerrar\u00e1 el Centro Hist\u00f3rico ya que es el punto medular de concentraci\u00f3n de personas.<\/p>\n<p>5.- Toda persona que tenga que salir de su casa, para adquirir v\u00edveres o por alguna necesidad justificada, deber\u00e1 hacerlo solo y portando en todo momento un cubrebocas. De no contar con \u00e9l, no podr\u00e1n acceder a ning\u00fan establecimiento, incluyendo el tianguis dominical.<\/p>\n<p>6.- Se suspende toda venta de comercio informal, puestos y tianguis que no vendan productos de primera necesidad.<\/p>\n<p>7.-La ley no permite al alcalde negar el acceso al municipio a ning\u00fan visitante o paisano, pero se logr\u00f3 suspender las concesiones tur\u00edsticas en el estado, ya se cumplieron 8 d\u00edas sin la llegada de ning\u00fan autob\u00fas, aun as\u00ed, se ha emitido la indicaci\u00f3n que todo autob\u00fas que pueda llegar a Jerez, sea revisado por personal del Sector Salud y hacer un registro para un eventual cerco sanitario.<\/p>\n<p>Estas medidas estar\u00e1n permanentes hasta que las autoridades de salud emitan otra recomendaci\u00f3n o la situaci\u00f3n sea m\u00e1s favorable.<\/p>\n<p>\u00abSeamos el ejemplo de responsabilidad, de prevenci\u00f3n y cuidado. Recuerda que nadie puede hacer la parte m\u00e1s importante, que es la que te toca a ti como ciudadano, a ti como parte de Jerez, y a ti como familia. Necesitamos de todos para ganar esta batalla contra la enfermedad y la muerte, porque la responsabilidad m\u00e1s grande comienza por cada uno de nosotros, por cada persona, por cada Jerezano. S\u00e9 parte del esfuerzo que estamos haciendo para ti\u00bb. Finaliz\u00f3 el Presidente Municipal Antonio Aceves S\u00e1nchez.<\/p>\n","protected":false},"excerpt":{"rendered":"<div class=\"mh-excerpt\"><p>*Se cerrar\u00e1 el primer cuadro a partir de las 3 de la tarde, la gente debe estar en casa. En Jerez, estamos en el momento <a class=\"mh-excerpt-more\" href=\"https:\/\/raicesjerezanas.com\/?p=16625\" title=\"ANTE LA CONTINGENCIA, SOLO PERMANECER\u00c1N ABIERTOS LOS ESTABLECIMIENTOS DE PRIMERA NECESIDAD\">&#8230;<\/a><\/p>\n<\/div>","protected":false},"author":1,"featured_media":16626,"comment_status":"closed","ping_status":"closed","sticky":false,"template":"","format":"standard","meta":{"footnotes":""},"categories":[102],"tags":[],"class_list":["post-16625","post","type-post","status-publish","format-standard","has-post-thumbnail","hentry","category-noticias-de-jerez"],"_links":{"self":[{"href":"https:\/\/raicesjerezanas.com\/index.php?rest_route=\/wp\/v2\/posts\/16625","targetHints":{"allow":["GET"]}}],"collection":[{"href":"https:\/\/raicesjerezanas.com\/index.php?rest_route=\/wp\/v2\/posts"}],"about":[{"href":"https:\/\/raicesjerezanas.com\/index.php?rest_route=\/wp\/v2\/types\/post"}],"author":[{"embeddable":true,"href":"https:\/\/raicesjerezanas.com\/index.php?rest_route=\/wp\/v2\/users\/1"}],"replies":[{"embeddable":true,"href":"https:\/\/raicesjerezanas.com\/index.php?rest_route=%2Fwp%2Fv2%2Fcomments&post=16625"}],"version-history":[{"count":0,"href":"https:\/\/raicesjerezanas.com\/index.php?rest_route=\/wp\/v2\/posts\/16625\/revisions"}],"wp:featuredmedia":[{"embeddable":true,"href":"https:\/\/raicesjerezanas.com\/index.php?rest_route=\/wp\/v2\/media\/16626"}],"wp:attachment":[{"href":"https:\/\/raicesjerezanas.com\/index.php?rest_route=%2Fwp%2Fv2%2Fmedia&parent=16625"}],"wp:term":[{"taxonomy":"category","embeddable":true,"href":"https:\/\/raicesjerezanas.com\/index.php?rest_route=%2Fwp%2Fv2%2Fcategories&post=16625"},{"taxonomy":"post_tag","embeddable":true,"href":"https:\/\/raicesjerezanas.com\/index.php?rest_route=%2Fwp%2Fv2%2Ftags&post=16625"}],"curies":[{"name":"wp","href":"https:\/\/api.w.org\/{rel}","templated":true}]}}