{"id":16627,"date":"2020-04-17T17:14:44","date_gmt":"2020-04-17T22:14:44","guid":{"rendered":"https:\/\/raicesjerezanas.com\/?p=16627"},"modified":"2023-07-14T04:25:34","modified_gmt":"2023-07-14T04:25:34","slug":"instalan-filtros-sanitarios-en-accesos-de-jerez","status":"publish","type":"post","link":"https:\/\/raicesjerezanas.com\/?p=16627","title":{"rendered":"INSTALAN FILTROS SANITARIOS EN ACCESOS DE JEREZ"},"content":{"rendered":"<p>Con el objetivo de reforzar las medidas preventivas contra el COVID-19, el Gobierno de Jerez que encabeza Antonio Aceves S\u00e1nchez instal\u00f3 filtros de revisi\u00f3n sanitaria en los distintos accesos al municipio.<\/p>\n<p>Con la participaci\u00f3n de efectivos de la Direcci\u00f3n de Seguridad P\u00fablica Municipal (DSPM) y la Polic\u00eda de Seguridad Vial, los filtros se colocaron en la salida a Zacatecas, Tepetongo y Fresnillo, para hacer del conocimiento de los conductores las distintas medidas de contenci\u00f3n en el territorio jerezano.<\/p>\n<p>Como lo anunci\u00f3 el alcalde, tambi\u00e9n se cerrar\u00e1n vialidades del primer cuadro a partir de las 3:00 pm, as\u00ed como establecimientos no considerados de primera necesidad. Para evitar flujo peatonal y vehicular se invitar\u00e1 a la ciudadan\u00eda a retirarse a sus respectivos domicilios, de lo contrario, ser\u00e1n apercibidos y en caso de no acatar la medida se proceder\u00e1 seg\u00fan la ley.<\/p>\n<p>Asimismo se mantendr\u00e1 el cierre de espacios p\u00fablicos como parques y jardines, para evitar aglomeraciones y con ellas, m\u00e1s puntos de contagio del virus.<\/p>\n","protected":false},"excerpt":{"rendered":"<div class=\"mh-excerpt\"><p>Con el objetivo de reforzar las medidas preventivas contra el COVID-19, el Gobierno de Jerez que encabeza Antonio Aceves S\u00e1nchez instal\u00f3 filtros de revisi\u00f3n sanitaria <a class=\"mh-excerpt-more\" href=\"https:\/\/raicesjerezanas.com\/?p=16627\" title=\"INSTALAN FILTROS SANITARIOS EN ACCESOS DE JEREZ\">&#8230;<\/a><\/p>\n<\/div>","protected":false},"author":1,"featured_media":16628,"comment_status":"closed","ping_status":"closed","sticky":false,"template":"","format":"standard","meta":{"footnotes":""},"categories":[102],"tags":[],"class_list":["post-16627","post","type-post","status-publish","format-standard","has-post-thumbnail","hentry","category-noticias-de-jerez"],"_links":{"self":[{"href":"https:\/\/raicesjerezanas.com\/index.php?rest_route=\/wp\/v2\/posts\/16627","targetHints":{"allow":["GET"]}}],"collection":[{"href":"https:\/\/raicesjerezanas.com\/index.php?rest_route=\/wp\/v2\/posts"}],"about":[{"href":"https:\/\/raicesjerezanas.com\/index.php?rest_route=\/wp\/v2\/types\/post"}],"author":[{"embeddable":true,"href":"https:\/\/raicesjerezanas.com\/index.php?rest_route=\/wp\/v2\/users\/1"}],"replies":[{"embeddable":true,"href":"https:\/\/raicesjerezanas.com\/index.php?rest_route=%2Fwp%2Fv2%2Fcomments&post=16627"}],"version-history":[{"count":0,"href":"https:\/\/raicesjerezanas.com\/index.php?rest_route=\/wp\/v2\/posts\/16627\/revisions"}],"wp:featuredmedia":[{"embeddable":true,"href":"https:\/\/raicesjerezanas.com\/index.php?rest_route=\/wp\/v2\/media\/16628"}],"wp:attachment":[{"href":"https:\/\/raicesjerezanas.com\/index.php?rest_route=%2Fwp%2Fv2%2Fmedia&parent=16627"}],"wp:term":[{"taxonomy":"category","embeddable":true,"href":"https:\/\/raicesjerezanas.com\/index.php?rest_route=%2Fwp%2Fv2%2Fcategories&post=16627"},{"taxonomy":"post_tag","embeddable":true,"href":"https:\/\/raicesjerezanas.com\/index.php?rest_route=%2Fwp%2Fv2%2Ftags&post=16627"}],"curies":[{"name":"wp","href":"https:\/\/api.w.org\/{rel}","templated":true}]}}