{"id":16633,"date":"2020-04-19T16:01:49","date_gmt":"2020-04-19T21:01:49","guid":{"rendered":"https:\/\/raicesjerezanas.com\/?p=16633"},"modified":"2023-07-14T04:25:33","modified_gmt":"2023-07-14T04:25:33","slug":"tianguis-dominical-refuerza-medidas-preventivas-por-contingencia","status":"publish","type":"post","link":"https:\/\/raicesjerezanas.com\/?p=16633","title":{"rendered":"TIANGUIS DOMINICAL REFUERZA MEDIDAS PREVENTIVAS POR CONTINGENCIA"},"content":{"rendered":"<p>Con apego a las nuevas medidas sanitarias de prevenci\u00f3n promovidas por el Alcalde Antonio Aceves S\u00e1nchez ante los recientes brotes de COVID-19 en Jerez, el Tianguis Dominical fortaleci\u00f3 sus acciones de seguridad.<\/p>\n<p>En las instalaciones de la Feria, 150 vendedores y los ciudadanos se sumaron positivamente a las nuevas disposiciones, portando en todo momento cubrebocas y con uso de gel antibacterial proporcionado en cada uno de los tres filtros de acceso.<\/p>\n<p>Destaca el compromiso de los comerciantes que han seguido los protocolos con responsabilidad, entre ellos la sana distancia\u00a0 para evitar focos de infecci\u00f3n durante la venta de frutas, verduras y alimentos preparados.<\/p>\n<p>Seg\u00fan avance la situaci\u00f3n en el municipio, podr\u00e1 contemplarse la instalaci\u00f3n de los m\u00e1s de 300 puestos que inicialmente se trasladaron del centro de la ciudad a la explanada, o bien, suspender la actividad en atenci\u00f3n a los protocolos.<\/p>\n","protected":false},"excerpt":{"rendered":"<div class=\"mh-excerpt\"><p>Con apego a las nuevas medidas sanitarias de prevenci\u00f3n promovidas por el Alcalde Antonio Aceves S\u00e1nchez ante los recientes brotes de COVID-19 en Jerez, el <a class=\"mh-excerpt-more\" href=\"https:\/\/raicesjerezanas.com\/?p=16633\" title=\"TIANGUIS DOMINICAL REFUERZA MEDIDAS PREVENTIVAS POR CONTINGENCIA\">&#8230;<\/a><\/p>\n<\/div>","protected":false},"author":1,"featured_media":16634,"comment_status":"closed","ping_status":"closed","sticky":false,"template":"","format":"standard","meta":{"footnotes":""},"categories":[102],"tags":[],"class_list":["post-16633","post","type-post","status-publish","format-standard","has-post-thumbnail","hentry","category-noticias-de-jerez"],"_links":{"self":[{"href":"https:\/\/raicesjerezanas.com\/index.php?rest_route=\/wp\/v2\/posts\/16633","targetHints":{"allow":["GET"]}}],"collection":[{"href":"https:\/\/raicesjerezanas.com\/index.php?rest_route=\/wp\/v2\/posts"}],"about":[{"href":"https:\/\/raicesjerezanas.com\/index.php?rest_route=\/wp\/v2\/types\/post"}],"author":[{"embeddable":true,"href":"https:\/\/raicesjerezanas.com\/index.php?rest_route=\/wp\/v2\/users\/1"}],"replies":[{"embeddable":true,"href":"https:\/\/raicesjerezanas.com\/index.php?rest_route=%2Fwp%2Fv2%2Fcomments&post=16633"}],"version-history":[{"count":0,"href":"https:\/\/raicesjerezanas.com\/index.php?rest_route=\/wp\/v2\/posts\/16633\/revisions"}],"wp:featuredmedia":[{"embeddable":true,"href":"https:\/\/raicesjerezanas.com\/index.php?rest_route=\/wp\/v2\/media\/16634"}],"wp:attachment":[{"href":"https:\/\/raicesjerezanas.com\/index.php?rest_route=%2Fwp%2Fv2%2Fmedia&parent=16633"}],"wp:term":[{"taxonomy":"category","embeddable":true,"href":"https:\/\/raicesjerezanas.com\/index.php?rest_route=%2Fwp%2Fv2%2Fcategories&post=16633"},{"taxonomy":"post_tag","embeddable":true,"href":"https:\/\/raicesjerezanas.com\/index.php?rest_route=%2Fwp%2Fv2%2Ftags&post=16633"}],"curies":[{"name":"wp","href":"https:\/\/api.w.org\/{rel}","templated":true}]}}