{"id":16645,"date":"2020-04-26T14:14:45","date_gmt":"2020-04-26T19:14:45","guid":{"rendered":"https:\/\/raicesjerezanas.com\/?p=16645"},"modified":"2023-07-14T04:25:30","modified_gmt":"2023-07-14T04:25:30","slug":"favorecen-la-economia-local-en-tianguis-dominical","status":"publish","type":"post","link":"https:\/\/raicesjerezanas.com\/?p=16645","title":{"rendered":"FAVORECEN LA ECONOM\u00cdA LOCAL EN TIANGUIS DOMINICAL"},"content":{"rendered":"<p><strong>-Se mantienen las medidas preventivas contra el COVID-19<\/strong><\/p>\n<p>Este domingo, el Tianguis Dominical favoreci\u00f3 la instalaci\u00f3n de comerciantes locales con el objetivo de fortalecer la econom\u00eda de las familias jerezanas durante la contingencia sanitaria.<\/p>\n<p>Guillermo Guti\u00e9rrez Carlos, Administrador de Plazas y Mercado del Ayuntamiento, precis\u00f3 que cerca de 70 puestos de productos b\u00e1sicos de la cabecera municipal y comunidades fueron colocados a sana distancia, para evitar aglomeraciones en atenci\u00f3n a los protocolos de seguridad.<\/p>\n<p>Se\u00f1al\u00f3 que la participaci\u00f3n ciudadana ha sido responsable, con la asistencia de solo una persona por familia y uso de cubrebocas, lo que se verifica en los filtros sanitarios instalados en la explanada.<\/p>\n<p>Asimismo, destac\u00f3 que tras declararse la Fase 3 se vio una disminuci\u00f3n en la afluencia tanto de vendedores como de clientes, lo que muestra los buenos resultados de las estrategias de contenci\u00f3n promovidas por las autoridades.<\/p>\n<p>Durante este y todos los domingos, los tianguistas levantan sus puestos a partir de las 14:30 para que a partir de las 15:00 horas, se cumpla la medida de no circular por la v\u00eda p\u00fablica.<\/p>\n","protected":false},"excerpt":{"rendered":"<div class=\"mh-excerpt\"><p>-Se mantienen las medidas preventivas contra el COVID-19 Este domingo, el Tianguis Dominical favoreci\u00f3 la instalaci\u00f3n de comerciantes locales con el objetivo de fortalecer la <a class=\"mh-excerpt-more\" href=\"https:\/\/raicesjerezanas.com\/?p=16645\" title=\"FAVORECEN LA ECONOM\u00cdA LOCAL EN TIANGUIS DOMINICAL\">&#8230;<\/a><\/p>\n<\/div>","protected":false},"author":1,"featured_media":16646,"comment_status":"closed","ping_status":"closed","sticky":false,"template":"","format":"standard","meta":{"footnotes":""},"categories":[102],"tags":[],"class_list":["post-16645","post","type-post","status-publish","format-standard","has-post-thumbnail","hentry","category-noticias-de-jerez"],"_links":{"self":[{"href":"https:\/\/raicesjerezanas.com\/index.php?rest_route=\/wp\/v2\/posts\/16645","targetHints":{"allow":["GET"]}}],"collection":[{"href":"https:\/\/raicesjerezanas.com\/index.php?rest_route=\/wp\/v2\/posts"}],"about":[{"href":"https:\/\/raicesjerezanas.com\/index.php?rest_route=\/wp\/v2\/types\/post"}],"author":[{"embeddable":true,"href":"https:\/\/raicesjerezanas.com\/index.php?rest_route=\/wp\/v2\/users\/1"}],"replies":[{"embeddable":true,"href":"https:\/\/raicesjerezanas.com\/index.php?rest_route=%2Fwp%2Fv2%2Fcomments&post=16645"}],"version-history":[{"count":0,"href":"https:\/\/raicesjerezanas.com\/index.php?rest_route=\/wp\/v2\/posts\/16645\/revisions"}],"wp:featuredmedia":[{"embeddable":true,"href":"https:\/\/raicesjerezanas.com\/index.php?rest_route=\/wp\/v2\/media\/16646"}],"wp:attachment":[{"href":"https:\/\/raicesjerezanas.com\/index.php?rest_route=%2Fwp%2Fv2%2Fmedia&parent=16645"}],"wp:term":[{"taxonomy":"category","embeddable":true,"href":"https:\/\/raicesjerezanas.com\/index.php?rest_route=%2Fwp%2Fv2%2Fcategories&post=16645"},{"taxonomy":"post_tag","embeddable":true,"href":"https:\/\/raicesjerezanas.com\/index.php?rest_route=%2Fwp%2Fv2%2Ftags&post=16645"}],"curies":[{"name":"wp","href":"https:\/\/api.w.org\/{rel}","templated":true}]}}