{"id":16651,"date":"2020-04-27T20:49:12","date_gmt":"2020-04-28T01:49:12","guid":{"rendered":"https:\/\/raicesjerezanas.com\/?p=16651"},"modified":"2023-07-14T04:25:29","modified_gmt":"2023-07-14T04:25:29","slug":"avanza-entrega-de-paquetes-alimentarios","status":"publish","type":"post","link":"https:\/\/raicesjerezanas.com\/?p=16651","title":{"rendered":"AVANZA ENTREGA DE PAQUETES ALIMENTARIOS"},"content":{"rendered":"<p>Con un promedio de atenci\u00f3n de 50 solicitudes por d\u00eda a trav\u00e9s de las 10 l\u00edneas telef\u00f3nicas, avanza la entrega de Paquetes Alimentarios cuya meta es beneficiar a 5 mil familias afectadas por la pandemia del COVID-19 en Jerez.<\/p>\n<p>Este lunes personal del Gobierno Municipal reinici\u00f3 las actividades de empadronamiento, acopio documental, clasificaci\u00f3n y empaquetado de los apoyos, que luego se reparten a entre 150 y 200 hogares diarios con ayuda del gremio de taxistas.<\/p>\n<p>La zona urbana y rural se dividi\u00f3 en 10 sectores entre colonias, fraccionamientos y comunidades que diariamente reciben los Paquetes con 26 productos de primera necesidad.<\/p>\n<p>El registro sigue disponible, es necesario comunicarse al 8008490000 y tener a la mano acta de nacimiento, credencial de elector y comprobante de domicilio. L\u00edneas disponibles de lunes a viernes de 10:00 am a 2:30 pm.<\/p>\n","protected":false},"excerpt":{"rendered":"<div class=\"mh-excerpt\"><p>Con un promedio de atenci\u00f3n de 50 solicitudes por d\u00eda a trav\u00e9s de las 10 l\u00edneas telef\u00f3nicas, avanza la entrega de Paquetes Alimentarios cuya meta <a class=\"mh-excerpt-more\" href=\"https:\/\/raicesjerezanas.com\/?p=16651\" title=\"AVANZA ENTREGA DE PAQUETES ALIMENTARIOS\">&#8230;<\/a><\/p>\n<\/div>","protected":false},"author":1,"featured_media":16652,"comment_status":"closed","ping_status":"closed","sticky":false,"template":"","format":"standard","meta":{"footnotes":""},"categories":[102],"tags":[],"class_list":["post-16651","post","type-post","status-publish","format-standard","has-post-thumbnail","hentry","category-noticias-de-jerez"],"_links":{"self":[{"href":"https:\/\/raicesjerezanas.com\/index.php?rest_route=\/wp\/v2\/posts\/16651","targetHints":{"allow":["GET"]}}],"collection":[{"href":"https:\/\/raicesjerezanas.com\/index.php?rest_route=\/wp\/v2\/posts"}],"about":[{"href":"https:\/\/raicesjerezanas.com\/index.php?rest_route=\/wp\/v2\/types\/post"}],"author":[{"embeddable":true,"href":"https:\/\/raicesjerezanas.com\/index.php?rest_route=\/wp\/v2\/users\/1"}],"replies":[{"embeddable":true,"href":"https:\/\/raicesjerezanas.com\/index.php?rest_route=%2Fwp%2Fv2%2Fcomments&post=16651"}],"version-history":[{"count":0,"href":"https:\/\/raicesjerezanas.com\/index.php?rest_route=\/wp\/v2\/posts\/16651\/revisions"}],"wp:featuredmedia":[{"embeddable":true,"href":"https:\/\/raicesjerezanas.com\/index.php?rest_route=\/wp\/v2\/media\/16652"}],"wp:attachment":[{"href":"https:\/\/raicesjerezanas.com\/index.php?rest_route=%2Fwp%2Fv2%2Fmedia&parent=16651"}],"wp:term":[{"taxonomy":"category","embeddable":true,"href":"https:\/\/raicesjerezanas.com\/index.php?rest_route=%2Fwp%2Fv2%2Fcategories&post=16651"},{"taxonomy":"post_tag","embeddable":true,"href":"https:\/\/raicesjerezanas.com\/index.php?rest_route=%2Fwp%2Fv2%2Ftags&post=16651"}],"curies":[{"name":"wp","href":"https:\/\/api.w.org\/{rel}","templated":true}]}}