{"id":16653,"date":"2020-04-28T22:40:57","date_gmt":"2020-04-29T03:40:57","guid":{"rendered":"https:\/\/raicesjerezanas.com\/?p=16653"},"modified":"2023-07-14T04:25:29","modified_gmt":"2023-07-14T04:25:29","slug":"trabaja-mercado-municipal-de-jerez-bajo-medidas-estrictas-de-sanidad","status":"publish","type":"post","link":"https:\/\/raicesjerezanas.com\/?p=16653","title":{"rendered":"TRABAJA MERCADO MUNICIPAL DE JEREZ BAJO MEDIDAS ESTRICTAS DE SANIDAD"},"content":{"rendered":"<p>Por disposiciones de salud e higiene y con la finalidad de prevenir posibles contagios de COVID-19, el Alcalde Antonio Aceves S\u00e1nchez solicit\u00f3 reforzar medias sanitarias en el Mercado Municipal Benito Ju\u00e1rez.<\/p>\n<p>Guillermo Guti\u00e9rrez Carlos, Administrador de Plazas y Mercado, coment\u00f3 que se reforz\u00f3 la higiene en el inmueble y se trabaja con medidas m\u00e1s estrictas, que consisten en limitar el acceso a grupos numerosos de personas y disuadir cualquier aglomeraci\u00f3n en los locales.<\/p>\n<p>Adem\u00e1s del control de acceso, se colocaron m\u00f3dulos higi\u00e9nicos dotados de agua, jab\u00f3n y gel antibacterial.<\/p>\n<p>Agreg\u00f3 que de manera frecuente se realizan trabajos de sanitizaci\u00f3n tanto en su interior como exterior, y cada locatario hace lo propio en sus \u00e1reas de trabajo.<\/p>\n<p>Tambi\u00e9n se\u00f1al\u00f3 que el mercado de comidas contin\u00faa cerrado en com\u00fan acuerdo con los comerciantes, debido al reducido espacio y posibles amontonamientos que puedan provocarse.<\/p>\n<p>Guti\u00e9rrez Carlos enfatiz\u00f3 que las estrategias preventivas del Presidente Municipal son precisas y no se bajar\u00e1 la guardia en esta fase de la contingencia.<\/p>\n<p>Por \u00faltimo, hizo un llamado a la ciudadan\u00eda que acude a realizar sus compras a que lo haga solo un miembro de la familia, m\u00e1ximo dos, y evitar ir con ni\u00f1os o adultos mayores de 60 a\u00f1os.<\/p>\n","protected":false},"excerpt":{"rendered":"<div class=\"mh-excerpt\"><p>Por disposiciones de salud e higiene y con la finalidad de prevenir posibles contagios de COVID-19, el Alcalde Antonio Aceves S\u00e1nchez solicit\u00f3 reforzar medias sanitarias <a class=\"mh-excerpt-more\" href=\"https:\/\/raicesjerezanas.com\/?p=16653\" title=\"TRABAJA MERCADO MUNICIPAL DE JEREZ BAJO MEDIDAS ESTRICTAS DE SANIDAD\">&#8230;<\/a><\/p>\n<\/div>","protected":false},"author":1,"featured_media":16654,"comment_status":"closed","ping_status":"closed","sticky":false,"template":"","format":"standard","meta":{"footnotes":""},"categories":[102],"tags":[],"class_list":["post-16653","post","type-post","status-publish","format-standard","has-post-thumbnail","hentry","category-noticias-de-jerez"],"_links":{"self":[{"href":"https:\/\/raicesjerezanas.com\/index.php?rest_route=\/wp\/v2\/posts\/16653","targetHints":{"allow":["GET"]}}],"collection":[{"href":"https:\/\/raicesjerezanas.com\/index.php?rest_route=\/wp\/v2\/posts"}],"about":[{"href":"https:\/\/raicesjerezanas.com\/index.php?rest_route=\/wp\/v2\/types\/post"}],"author":[{"embeddable":true,"href":"https:\/\/raicesjerezanas.com\/index.php?rest_route=\/wp\/v2\/users\/1"}],"replies":[{"embeddable":true,"href":"https:\/\/raicesjerezanas.com\/index.php?rest_route=%2Fwp%2Fv2%2Fcomments&post=16653"}],"version-history":[{"count":0,"href":"https:\/\/raicesjerezanas.com\/index.php?rest_route=\/wp\/v2\/posts\/16653\/revisions"}],"wp:featuredmedia":[{"embeddable":true,"href":"https:\/\/raicesjerezanas.com\/index.php?rest_route=\/wp\/v2\/media\/16654"}],"wp:attachment":[{"href":"https:\/\/raicesjerezanas.com\/index.php?rest_route=%2Fwp%2Fv2%2Fmedia&parent=16653"}],"wp:term":[{"taxonomy":"category","embeddable":true,"href":"https:\/\/raicesjerezanas.com\/index.php?rest_route=%2Fwp%2Fv2%2Fcategories&post=16653"},{"taxonomy":"post_tag","embeddable":true,"href":"https:\/\/raicesjerezanas.com\/index.php?rest_route=%2Fwp%2Fv2%2Ftags&post=16653"}],"curies":[{"name":"wp","href":"https:\/\/api.w.org\/{rel}","templated":true}]}}