{"id":16655,"date":"2020-04-28T22:48:11","date_gmt":"2020-04-29T03:48:11","guid":{"rendered":"https:\/\/raicesjerezanas.com\/?p=16655"},"modified":"2023-07-14T04:25:28","modified_gmt":"2023-07-14T04:25:28","slug":"rehabilitan-alumbrado-publico-en-fraccionamiento-el-pedregal","status":"publish","type":"post","link":"https:\/\/raicesjerezanas.com\/?p=16655","title":{"rendered":"REHABILITAN ALUMBRADO P\u00daBLICO EN FRACCIONAMIENTO EL PEDREGAL"},"content":{"rendered":"<p>Personal del Departamento de Alumbrado de la Direcci\u00f3n de Obras y Servicios P\u00fablicos del Ayuntamiento de Jerez, rehabilita la l\u00ednea de red el\u00e9ctrica que suministra el encendido de 12 l\u00e1mparas en el fraccionamiento El Pedregal de la cabecera municipal.<\/p>\n<p>Esta acci\u00f3n se realiza en beneficio de los colonos del lugar, quienes desde hace varias semanas ten\u00edan problemas con la iluminaci\u00f3n de las calles.<\/p>\n<p>Al atender el reporte se cambiaron poco m\u00e1s de 400 metros lineales de cableado el\u00e9ctrico del tipo Neutranel, 1+1 calibre 6, as\u00ed como las pastillas de encendido de las luminarias.<\/p>\n<p>El trabajo se realiz\u00f3 debido a que frecuentemente presentaba fallas por la antig\u00fcedad de la red y en varios tramos hac\u00eda corto del circuito, botaba las pastillas y eso generaba apagones continuamente.<\/p>\n<p>Al mismo tiempo personal del \u00e1rea atiende reportes en comunidades y colonias jerezanas.<\/p>\n","protected":false},"excerpt":{"rendered":"<div class=\"mh-excerpt\"><p>Personal del Departamento de Alumbrado de la Direcci\u00f3n de Obras y Servicios P\u00fablicos del Ayuntamiento de Jerez, rehabilita la l\u00ednea de red el\u00e9ctrica que suministra <a class=\"mh-excerpt-more\" href=\"https:\/\/raicesjerezanas.com\/?p=16655\" title=\"REHABILITAN ALUMBRADO P\u00daBLICO EN FRACCIONAMIENTO EL PEDREGAL\">&#8230;<\/a><\/p>\n<\/div>","protected":false},"author":1,"featured_media":16656,"comment_status":"closed","ping_status":"closed","sticky":false,"template":"","format":"standard","meta":{"footnotes":""},"categories":[102],"tags":[],"class_list":["post-16655","post","type-post","status-publish","format-standard","has-post-thumbnail","hentry","category-noticias-de-jerez"],"_links":{"self":[{"href":"https:\/\/raicesjerezanas.com\/index.php?rest_route=\/wp\/v2\/posts\/16655","targetHints":{"allow":["GET"]}}],"collection":[{"href":"https:\/\/raicesjerezanas.com\/index.php?rest_route=\/wp\/v2\/posts"}],"about":[{"href":"https:\/\/raicesjerezanas.com\/index.php?rest_route=\/wp\/v2\/types\/post"}],"author":[{"embeddable":true,"href":"https:\/\/raicesjerezanas.com\/index.php?rest_route=\/wp\/v2\/users\/1"}],"replies":[{"embeddable":true,"href":"https:\/\/raicesjerezanas.com\/index.php?rest_route=%2Fwp%2Fv2%2Fcomments&post=16655"}],"version-history":[{"count":0,"href":"https:\/\/raicesjerezanas.com\/index.php?rest_route=\/wp\/v2\/posts\/16655\/revisions"}],"wp:featuredmedia":[{"embeddable":true,"href":"https:\/\/raicesjerezanas.com\/index.php?rest_route=\/wp\/v2\/media\/16656"}],"wp:attachment":[{"href":"https:\/\/raicesjerezanas.com\/index.php?rest_route=%2Fwp%2Fv2%2Fmedia&parent=16655"}],"wp:term":[{"taxonomy":"category","embeddable":true,"href":"https:\/\/raicesjerezanas.com\/index.php?rest_route=%2Fwp%2Fv2%2Fcategories&post=16655"},{"taxonomy":"post_tag","embeddable":true,"href":"https:\/\/raicesjerezanas.com\/index.php?rest_route=%2Fwp%2Fv2%2Ftags&post=16655"}],"curies":[{"name":"wp","href":"https:\/\/api.w.org\/{rel}","templated":true}]}}