{"id":16659,"date":"2020-04-30T19:29:56","date_gmt":"2020-05-01T00:29:56","guid":{"rendered":"https:\/\/raicesjerezanas.com\/?p=16659"},"modified":"2023-07-14T04:25:28","modified_gmt":"2023-07-14T04:25:28","slug":"aceves-sanchez-apoya-zona-rural-con-paquetes-alimentarios","status":"publish","type":"post","link":"https:\/\/raicesjerezanas.com\/?p=16659","title":{"rendered":"ACEVES S\u00c1NCHEZ APOYA ZONA RURAL CON PAQUETES ALIMENTARIOS"},"content":{"rendered":"<p>200 familias de la zona rural fueron beneficiadas por el Ayuntamiento de Jerez que encabeza Antonio Aceves S\u00e1nchez, con Paquetes Alimentarios del Banco de Alimentos del municipio.<\/p>\n<p>Se establecieron 8 rutas con 32 comunidades en una primera etapa, y para la distribuci\u00f3n se sumaron funcionarios p\u00fablicos de \u00e1reas como Seguridad P\u00fablica Municipal, Servicios P\u00fablicos, Instituto de la Mujer Jerezana (INMUJE), Limpia, Parques y Jardines, Inform\u00e1tica, entre otros.<\/p>\n<p>El Alcalde asegur\u00f3 que contin\u00faan los apoyos a familias en condiciones vulnerables durante la pandemia del COVID-19 que ha impactado en su econom\u00eda.<\/p>\n<p>Puntualiz\u00f3 que todas las solicitudes se toman con la misma seriedad y sin distinci\u00f3n alguna, ya sean personas que viven en la zona rural o en la urbana.<\/p>\n<p>A la fecha se ha llegado a 2 mil 500 familias jerezanas que han solicitado una despensa, inform\u00f3 Alma Acevedo Carrillo, Jefa de Atenci\u00f3n Ciudadana, y coment\u00f3 que a todas las solicitudes se les da tr\u00e1mite y el apoyo se entregar\u00e1 en el orden que se reciben.<\/p>\n<p>Al mismo tiempo explic\u00f3 que toda aquella persona que necesite un Paquete Alimentario puede comunicarse al centro de llamadas marcando el 8008490000 en horario de 10:30 de la ma\u00f1ana a 2:30 de la tarde.<\/p>\n","protected":false},"excerpt":{"rendered":"<div class=\"mh-excerpt\"><p>200 familias de la zona rural fueron beneficiadas por el Ayuntamiento de Jerez que encabeza Antonio Aceves S\u00e1nchez, con Paquetes Alimentarios del Banco de Alimentos <a class=\"mh-excerpt-more\" href=\"https:\/\/raicesjerezanas.com\/?p=16659\" title=\"ACEVES S\u00c1NCHEZ APOYA ZONA RURAL CON PAQUETES ALIMENTARIOS\">&#8230;<\/a><\/p>\n<\/div>","protected":false},"author":1,"featured_media":16660,"comment_status":"closed","ping_status":"closed","sticky":false,"template":"","format":"standard","meta":{"footnotes":""},"categories":[102],"tags":[],"class_list":["post-16659","post","type-post","status-publish","format-standard","has-post-thumbnail","hentry","category-noticias-de-jerez"],"_links":{"self":[{"href":"https:\/\/raicesjerezanas.com\/index.php?rest_route=\/wp\/v2\/posts\/16659","targetHints":{"allow":["GET"]}}],"collection":[{"href":"https:\/\/raicesjerezanas.com\/index.php?rest_route=\/wp\/v2\/posts"}],"about":[{"href":"https:\/\/raicesjerezanas.com\/index.php?rest_route=\/wp\/v2\/types\/post"}],"author":[{"embeddable":true,"href":"https:\/\/raicesjerezanas.com\/index.php?rest_route=\/wp\/v2\/users\/1"}],"replies":[{"embeddable":true,"href":"https:\/\/raicesjerezanas.com\/index.php?rest_route=%2Fwp%2Fv2%2Fcomments&post=16659"}],"version-history":[{"count":0,"href":"https:\/\/raicesjerezanas.com\/index.php?rest_route=\/wp\/v2\/posts\/16659\/revisions"}],"wp:featuredmedia":[{"embeddable":true,"href":"https:\/\/raicesjerezanas.com\/index.php?rest_route=\/wp\/v2\/media\/16660"}],"wp:attachment":[{"href":"https:\/\/raicesjerezanas.com\/index.php?rest_route=%2Fwp%2Fv2%2Fmedia&parent=16659"}],"wp:term":[{"taxonomy":"category","embeddable":true,"href":"https:\/\/raicesjerezanas.com\/index.php?rest_route=%2Fwp%2Fv2%2Fcategories&post=16659"},{"taxonomy":"post_tag","embeddable":true,"href":"https:\/\/raicesjerezanas.com\/index.php?rest_route=%2Fwp%2Fv2%2Ftags&post=16659"}],"curies":[{"name":"wp","href":"https:\/\/api.w.org\/{rel}","templated":true}]}}