{"id":16667,"date":"2020-05-03T21:52:41","date_gmt":"2020-05-04T02:52:41","guid":{"rendered":"https:\/\/raicesjerezanas.com\/?p=16667"},"modified":"2023-07-14T04:25:26","modified_gmt":"2023-07-14T04:25:26","slug":"comercio-local-se-beneficia-con-tianguis-dominical","status":"publish","type":"post","link":"https:\/\/raicesjerezanas.com\/?p=16667","title":{"rendered":"COMERCIO LOCAL SE BENEFICIA CON TIANGUIS DOMINICAL"},"content":{"rendered":"<p>Con la finalidad de beneficiar a comerciantes de Jerez y que no se detenga la econom\u00eda, el Tianguis Dominical solo permiti\u00f3 la instalaci\u00f3n de vendedores locales.<\/p>\n<p>Guillermo Guti\u00e9rrez Carlos, Administrador de Plazas y Mercado del Ayuntamiento, record\u00f3 que luego de una reuni\u00f3n con l\u00edderes tianguistas, se acord\u00f3 dejar sola a vendedores del municipio que oferten art\u00edculos de primera necesidad.<\/p>\n<p>Esto para que el dinero se quede entre familias jerezanas, medida que se mantendr\u00e1 por lo menos durante mayo.<\/p>\n<p>En las instalaciones de la Feria, esta semana se reforzaron los filtros higi\u00e9nicos en los distintos accesos, as\u00ed como el uso de cubrebocas por parte de vendedores y asistentes.<\/p>\n<p>El funcionario municipal reconoci\u00f3 a la sociedad jerezana el tomar conciencia en cuanto a la disminuci\u00f3n en el n\u00famero de personas por familia que acudieron a realizar sus compras.<\/p>\n<p>Por \u00faltimo, se\u00f1al\u00f3 que continuar\u00e1n aplic\u00e1ndose las recomendaciones emitidas por autoridades Estatales y Federales ante la contingencia por el COVID-19, e hizo un llamado a no bajar la guardia a favor de la salud p\u00fablica.<\/p>\n","protected":false},"excerpt":{"rendered":"<div class=\"mh-excerpt\"><p>Con la finalidad de beneficiar a comerciantes de Jerez y que no se detenga la econom\u00eda, el Tianguis Dominical solo permiti\u00f3 la instalaci\u00f3n de vendedores <a class=\"mh-excerpt-more\" href=\"https:\/\/raicesjerezanas.com\/?p=16667\" title=\"COMERCIO LOCAL SE BENEFICIA CON TIANGUIS DOMINICAL\">&#8230;<\/a><\/p>\n<\/div>","protected":false},"author":1,"featured_media":16668,"comment_status":"closed","ping_status":"closed","sticky":false,"template":"","format":"standard","meta":{"footnotes":""},"categories":[102],"tags":[],"class_list":["post-16667","post","type-post","status-publish","format-standard","has-post-thumbnail","hentry","category-noticias-de-jerez"],"_links":{"self":[{"href":"https:\/\/raicesjerezanas.com\/index.php?rest_route=\/wp\/v2\/posts\/16667","targetHints":{"allow":["GET"]}}],"collection":[{"href":"https:\/\/raicesjerezanas.com\/index.php?rest_route=\/wp\/v2\/posts"}],"about":[{"href":"https:\/\/raicesjerezanas.com\/index.php?rest_route=\/wp\/v2\/types\/post"}],"author":[{"embeddable":true,"href":"https:\/\/raicesjerezanas.com\/index.php?rest_route=\/wp\/v2\/users\/1"}],"replies":[{"embeddable":true,"href":"https:\/\/raicesjerezanas.com\/index.php?rest_route=%2Fwp%2Fv2%2Fcomments&post=16667"}],"version-history":[{"count":0,"href":"https:\/\/raicesjerezanas.com\/index.php?rest_route=\/wp\/v2\/posts\/16667\/revisions"}],"wp:featuredmedia":[{"embeddable":true,"href":"https:\/\/raicesjerezanas.com\/index.php?rest_route=\/wp\/v2\/media\/16668"}],"wp:attachment":[{"href":"https:\/\/raicesjerezanas.com\/index.php?rest_route=%2Fwp%2Fv2%2Fmedia&parent=16667"}],"wp:term":[{"taxonomy":"category","embeddable":true,"href":"https:\/\/raicesjerezanas.com\/index.php?rest_route=%2Fwp%2Fv2%2Fcategories&post=16667"},{"taxonomy":"post_tag","embeddable":true,"href":"https:\/\/raicesjerezanas.com\/index.php?rest_route=%2Fwp%2Fv2%2Ftags&post=16667"}],"curies":[{"name":"wp","href":"https:\/\/api.w.org\/{rel}","templated":true}]}}