{"id":16683,"date":"2020-05-05T19:58:58","date_gmt":"2020-05-06T00:58:58","guid":{"rendered":"https:\/\/raicesjerezanas.com\/?p=16683"},"modified":"2023-07-14T04:25:25","modified_gmt":"2023-07-14T04:25:25","slug":"permanecen-cerrados-panteones-municipales-por-contingencia-sanitaria","status":"publish","type":"post","link":"https:\/\/raicesjerezanas.com\/?p=16683","title":{"rendered":"PERMANECEN CERRADOS PANTEONES MUNICIPALES POR CONTINGENCIA SANITARIA"},"content":{"rendered":"<p><strong>-La medida se mantendr\u00e1 tambi\u00e9n durante el D\u00eda de la Madre<\/strong><\/p>\n<p>Los Panteones Municipales de Jerez permanecen cerrados al p\u00fablico debido a la contingencia sanitaria del COVID-19, y solo se habilitan para inhumaciones con las medidas higi\u00e9nicas recomendadas por el Ayuntamiento y el Sector Salud.<\/p>\n<p>El Administrador Pedro Hern\u00e1ndez, coment\u00f3 que est\u00e1 prohibida la entrada a toda persona ajena al personal para evitar puntos de reuni\u00f3n de quienes asisten a visitar a sus seres queridos.<\/p>\n<p>Aclar\u00f3 que el 10 de mayo tampoco se abrir\u00e1n las puertas de los Panteones, por lo que se pide comprensi\u00f3n a las personas que suelen visitarlos en tal fecha.<\/p>\n<p>Hasta el momento no se han presentado inconvenientes, y quienes acuden a sepultar cumplen la recomendaci\u00f3n de no ingresar m\u00e1s de 15 personas que a su vez deben respetar el uso de cubrebocas y la sana distancia.<\/p>\n<p>Durante esta etapa, cuadrillas de Servicios P\u00fablicos se dedican a mantener los espacios en \u00f3ptimas condiciones para su reapertura.<\/p>\n","protected":false},"excerpt":{"rendered":"<div class=\"mh-excerpt\"><p>-La medida se mantendr\u00e1 tambi\u00e9n durante el D\u00eda de la Madre Los Panteones Municipales de Jerez permanecen cerrados al p\u00fablico debido a la contingencia sanitaria <a class=\"mh-excerpt-more\" href=\"https:\/\/raicesjerezanas.com\/?p=16683\" title=\"PERMANECEN CERRADOS PANTEONES MUNICIPALES POR CONTINGENCIA SANITARIA\">&#8230;<\/a><\/p>\n<\/div>","protected":false},"author":1,"featured_media":16684,"comment_status":"closed","ping_status":"closed","sticky":false,"template":"","format":"standard","meta":{"footnotes":""},"categories":[102],"tags":[],"class_list":["post-16683","post","type-post","status-publish","format-standard","has-post-thumbnail","hentry","category-noticias-de-jerez"],"_links":{"self":[{"href":"https:\/\/raicesjerezanas.com\/index.php?rest_route=\/wp\/v2\/posts\/16683","targetHints":{"allow":["GET"]}}],"collection":[{"href":"https:\/\/raicesjerezanas.com\/index.php?rest_route=\/wp\/v2\/posts"}],"about":[{"href":"https:\/\/raicesjerezanas.com\/index.php?rest_route=\/wp\/v2\/types\/post"}],"author":[{"embeddable":true,"href":"https:\/\/raicesjerezanas.com\/index.php?rest_route=\/wp\/v2\/users\/1"}],"replies":[{"embeddable":true,"href":"https:\/\/raicesjerezanas.com\/index.php?rest_route=%2Fwp%2Fv2%2Fcomments&post=16683"}],"version-history":[{"count":0,"href":"https:\/\/raicesjerezanas.com\/index.php?rest_route=\/wp\/v2\/posts\/16683\/revisions"}],"wp:featuredmedia":[{"embeddable":true,"href":"https:\/\/raicesjerezanas.com\/index.php?rest_route=\/wp\/v2\/media\/16684"}],"wp:attachment":[{"href":"https:\/\/raicesjerezanas.com\/index.php?rest_route=%2Fwp%2Fv2%2Fmedia&parent=16683"}],"wp:term":[{"taxonomy":"category","embeddable":true,"href":"https:\/\/raicesjerezanas.com\/index.php?rest_route=%2Fwp%2Fv2%2Fcategories&post=16683"},{"taxonomy":"post_tag","embeddable":true,"href":"https:\/\/raicesjerezanas.com\/index.php?rest_route=%2Fwp%2Fv2%2Ftags&post=16683"}],"curies":[{"name":"wp","href":"https:\/\/api.w.org\/{rel}","templated":true}]}}