{"id":16690,"date":"2020-05-14T16:05:06","date_gmt":"2020-05-14T21:05:06","guid":{"rendered":"https:\/\/raicesjerezanas.com\/?p=16690"},"modified":"2023-07-14T04:25:22","modified_gmt":"2023-07-14T04:25:22","slug":"busca-jerez-sumarse-a-estrategia-turistica-federal","status":"publish","type":"post","link":"https:\/\/raicesjerezanas.com\/?p=16690","title":{"rendered":"BUSCA JEREZ SUMARSE A ESTRATEGIA TUR\u00cdSTICA FEDERAL"},"content":{"rendered":"<p>El Presidente Municipal Antonio Aceves S\u00e1nchez, particip\u00f3 en una reuni\u00f3n virtual que con el Secretario de Turismo Federal, Miguel Torruco Marqu\u00e9s, alcaldes y alcaldesas de la zona Centro-Norte de M\u00e9xico donde se present\u00f3 una estrategia para reactivar la actividad tur\u00edstica tras la pandemia del COVID-19.<\/p>\n<p>Torruco Marqu\u00e9s coment\u00f3 que tentativamente la actividad se reactivar\u00e1 el pr\u00f3ximo 15 de junio, seg\u00fan se determine en el Sector Salud.<\/p>\n<p>La estrategia presentada se enfoca en beneficiar directamente a los Pueblos M\u00e1gicos y dem\u00e1s zonas tur\u00edsticas con la creaci\u00f3n de 8 macro regiones que ofertar\u00e1n paquetes de atractivos regionales a nivel internacional.<\/p>\n<p>Aceves S\u00e1nchez dijo estar de acuerdo con las medidas a tomar, debido a que Jerez cuenta con varias actividades durante el a\u00f1o que son un sustento econ\u00f3mico importante para diversos sectores.<\/p>\n<p>La pr\u00f3xima semana el Gobierno Federal anunciar\u00e1 los pasos a seguir y de qu\u00e9 manera podr\u00e1n acceder los municipios a los beneficios en materia de difusi\u00f3n de atractivos.<\/p>\n","protected":false},"excerpt":{"rendered":"<div class=\"mh-excerpt\"><p>El Presidente Municipal Antonio Aceves S\u00e1nchez, particip\u00f3 en una reuni\u00f3n virtual que con el Secretario de Turismo Federal, Miguel Torruco Marqu\u00e9s, alcaldes y alcaldesas de <a class=\"mh-excerpt-more\" href=\"https:\/\/raicesjerezanas.com\/?p=16690\" title=\"BUSCA JEREZ SUMARSE A ESTRATEGIA TUR\u00cdSTICA FEDERAL\">&#8230;<\/a><\/p>\n<\/div>","protected":false},"author":1,"featured_media":16691,"comment_status":"closed","ping_status":"closed","sticky":false,"template":"","format":"standard","meta":{"footnotes":""},"categories":[102],"tags":[],"class_list":["post-16690","post","type-post","status-publish","format-standard","has-post-thumbnail","hentry","category-noticias-de-jerez"],"_links":{"self":[{"href":"https:\/\/raicesjerezanas.com\/index.php?rest_route=\/wp\/v2\/posts\/16690","targetHints":{"allow":["GET"]}}],"collection":[{"href":"https:\/\/raicesjerezanas.com\/index.php?rest_route=\/wp\/v2\/posts"}],"about":[{"href":"https:\/\/raicesjerezanas.com\/index.php?rest_route=\/wp\/v2\/types\/post"}],"author":[{"embeddable":true,"href":"https:\/\/raicesjerezanas.com\/index.php?rest_route=\/wp\/v2\/users\/1"}],"replies":[{"embeddable":true,"href":"https:\/\/raicesjerezanas.com\/index.php?rest_route=%2Fwp%2Fv2%2Fcomments&post=16690"}],"version-history":[{"count":0,"href":"https:\/\/raicesjerezanas.com\/index.php?rest_route=\/wp\/v2\/posts\/16690\/revisions"}],"wp:featuredmedia":[{"embeddable":true,"href":"https:\/\/raicesjerezanas.com\/index.php?rest_route=\/wp\/v2\/media\/16691"}],"wp:attachment":[{"href":"https:\/\/raicesjerezanas.com\/index.php?rest_route=%2Fwp%2Fv2%2Fmedia&parent=16690"}],"wp:term":[{"taxonomy":"category","embeddable":true,"href":"https:\/\/raicesjerezanas.com\/index.php?rest_route=%2Fwp%2Fv2%2Fcategories&post=16690"},{"taxonomy":"post_tag","embeddable":true,"href":"https:\/\/raicesjerezanas.com\/index.php?rest_route=%2Fwp%2Fv2%2Ftags&post=16690"}],"curies":[{"name":"wp","href":"https:\/\/api.w.org\/{rel}","templated":true}]}}