{"id":16698,"date":"2020-05-24T17:48:25","date_gmt":"2020-05-24T22:48:25","guid":{"rendered":"https:\/\/raicesjerezanas.com\/?p=16698"},"modified":"2023-07-14T04:25:20","modified_gmt":"2023-07-14T04:25:20","slug":"daran-continuidad-a-parcelas-demostrativas-en-jerez","status":"publish","type":"post","link":"https:\/\/raicesjerezanas.com\/?p=16698","title":{"rendered":"DAR\u00c1N CONTINUIDAD A PARCELAS DEMOSTRATIVAS EN JEREZ"},"content":{"rendered":"<p>Dentro de la estrategia de tecnificaci\u00f3n del campo del alcalde Antonio Aceves S\u00e1nchez, en este 2020 se dar\u00e1 continuidad al proyecto de Parcelas Demostrativas en distintas zonas de Jerez.<\/p>\n<p>En las comunidades de La Ca\u00f1ada, El Huejote, Ci\u00e9nega y Ermita de Guadalupe, participar\u00e1n siete empresas con 14 variedades de grano para concluir el ciclo Primavera-Verano con una Parcela tecnificada en cada una.<\/p>\n<p>Ram\u00f3n Luj\u00e1n Casas, jefe del Departamento de Desarrollo Agropecuario, indic\u00f3 que se evaluar\u00e1n las necesidades y objetivos de los productores para que el proyecto tenga resultados favorables.<\/p>\n<p>La continuidad atiende a que la implementaci\u00f3n de las Parcelas Demostrativas fue un parteaguas en la mejora de cultivos, para que las cosechas jerezanas se distingan por su calidad.<\/p>\n<p>Un caso de \u00e9xito est\u00e1 en Ci\u00e9nega donde se logr\u00f3 triplicar la producci\u00f3n durante 2019.<\/p>\n<p>En este sentido el funcionario reconoci\u00f3 el inter\u00e9s de los productores por aprender las nuevas tecnolog\u00edas en materia agr\u00edcola, as\u00ed como su confianza y trabajo en equipo con el Ayuntamiento a favor del campo.<\/p>\n","protected":false},"excerpt":{"rendered":"<div class=\"mh-excerpt\"><p>Dentro de la estrategia de tecnificaci\u00f3n del campo del alcalde Antonio Aceves S\u00e1nchez, en este 2020 se dar\u00e1 continuidad al proyecto de Parcelas Demostrativas en <a class=\"mh-excerpt-more\" href=\"https:\/\/raicesjerezanas.com\/?p=16698\" title=\"DAR\u00c1N CONTINUIDAD A PARCELAS DEMOSTRATIVAS EN JEREZ\">&#8230;<\/a><\/p>\n<\/div>","protected":false},"author":1,"featured_media":16699,"comment_status":"closed","ping_status":"closed","sticky":false,"template":"","format":"standard","meta":{"footnotes":""},"categories":[102],"tags":[],"class_list":["post-16698","post","type-post","status-publish","format-standard","has-post-thumbnail","hentry","category-noticias-de-jerez"],"_links":{"self":[{"href":"https:\/\/raicesjerezanas.com\/index.php?rest_route=\/wp\/v2\/posts\/16698","targetHints":{"allow":["GET"]}}],"collection":[{"href":"https:\/\/raicesjerezanas.com\/index.php?rest_route=\/wp\/v2\/posts"}],"about":[{"href":"https:\/\/raicesjerezanas.com\/index.php?rest_route=\/wp\/v2\/types\/post"}],"author":[{"embeddable":true,"href":"https:\/\/raicesjerezanas.com\/index.php?rest_route=\/wp\/v2\/users\/1"}],"replies":[{"embeddable":true,"href":"https:\/\/raicesjerezanas.com\/index.php?rest_route=%2Fwp%2Fv2%2Fcomments&post=16698"}],"version-history":[{"count":0,"href":"https:\/\/raicesjerezanas.com\/index.php?rest_route=\/wp\/v2\/posts\/16698\/revisions"}],"wp:featuredmedia":[{"embeddable":true,"href":"https:\/\/raicesjerezanas.com\/index.php?rest_route=\/wp\/v2\/media\/16699"}],"wp:attachment":[{"href":"https:\/\/raicesjerezanas.com\/index.php?rest_route=%2Fwp%2Fv2%2Fmedia&parent=16698"}],"wp:term":[{"taxonomy":"category","embeddable":true,"href":"https:\/\/raicesjerezanas.com\/index.php?rest_route=%2Fwp%2Fv2%2Fcategories&post=16698"},{"taxonomy":"post_tag","embeddable":true,"href":"https:\/\/raicesjerezanas.com\/index.php?rest_route=%2Fwp%2Fv2%2Ftags&post=16698"}],"curies":[{"name":"wp","href":"https:\/\/api.w.org\/{rel}","templated":true}]}}