{"id":16703,"date":"2020-05-22T18:07:51","date_gmt":"2020-05-22T23:07:51","guid":{"rendered":"https:\/\/raicesjerezanas.com\/?p=16703"},"modified":"2023-07-14T04:25:20","modified_gmt":"2023-07-14T04:25:20","slug":"entrega-aceves-sanchez-paquetes-alimentarios-en-comunidades","status":"publish","type":"post","link":"https:\/\/raicesjerezanas.com\/?p=16703","title":{"rendered":"ENTREGA ACEVES S\u00c1NCHEZ PAQUETES ALIMENTARIOS EN COMUNIDADES"},"content":{"rendered":"<p>En el segundo recorrido de entrega de paquetes alimentarios de esta semana en comunidades, Antonio Aceves S\u00e1nchez refrend\u00f3 su compromiso con las familias jerezanas m\u00e1s afectadas econ\u00f3micamente por la pandemia del COVID-19.<\/p>\n<p>Ante 40 familias de Lo de Salas, San Antonio de Los F\u00e9lix y La Ca\u00f1ada, el alcalde garantiz\u00f3 que todo el esfuerzo de su administraci\u00f3n est\u00e1 puesto en contener el virus por medio de acciones preventivas y de respaldo a los grupos vulnerables.<\/p>\n<p>Del padr\u00f3n de 5 mil paquetes, cerca de mil se destinaron al medio rural cuya actividad productiva es base de la alimentaci\u00f3n para todo el municipio.<\/p>\n<p>Habitantes de las localidades agradecieron la visita de Aceves S\u00e1nchez, quien a su vez reconoci\u00f3 la confianza de los ciudadanos en este proyecto apoyado adem\u00e1s por el gremio de taxistas.<\/p>\n","protected":false},"excerpt":{"rendered":"<div class=\"mh-excerpt\"><p>En el segundo recorrido de entrega de paquetes alimentarios de esta semana en comunidades, Antonio Aceves S\u00e1nchez refrend\u00f3 su compromiso con las familias jerezanas m\u00e1s <a class=\"mh-excerpt-more\" href=\"https:\/\/raicesjerezanas.com\/?p=16703\" title=\"ENTREGA ACEVES S\u00c1NCHEZ PAQUETES ALIMENTARIOS EN COMUNIDADES\">&#8230;<\/a><\/p>\n<\/div>","protected":false},"author":1,"featured_media":16704,"comment_status":"closed","ping_status":"closed","sticky":false,"template":"","format":"standard","meta":{"footnotes":""},"categories":[102],"tags":[],"class_list":["post-16703","post","type-post","status-publish","format-standard","has-post-thumbnail","hentry","category-noticias-de-jerez"],"_links":{"self":[{"href":"https:\/\/raicesjerezanas.com\/index.php?rest_route=\/wp\/v2\/posts\/16703","targetHints":{"allow":["GET"]}}],"collection":[{"href":"https:\/\/raicesjerezanas.com\/index.php?rest_route=\/wp\/v2\/posts"}],"about":[{"href":"https:\/\/raicesjerezanas.com\/index.php?rest_route=\/wp\/v2\/types\/post"}],"author":[{"embeddable":true,"href":"https:\/\/raicesjerezanas.com\/index.php?rest_route=\/wp\/v2\/users\/1"}],"replies":[{"embeddable":true,"href":"https:\/\/raicesjerezanas.com\/index.php?rest_route=%2Fwp%2Fv2%2Fcomments&post=16703"}],"version-history":[{"count":0,"href":"https:\/\/raicesjerezanas.com\/index.php?rest_route=\/wp\/v2\/posts\/16703\/revisions"}],"wp:featuredmedia":[{"embeddable":true,"href":"https:\/\/raicesjerezanas.com\/index.php?rest_route=\/wp\/v2\/media\/16704"}],"wp:attachment":[{"href":"https:\/\/raicesjerezanas.com\/index.php?rest_route=%2Fwp%2Fv2%2Fmedia&parent=16703"}],"wp:term":[{"taxonomy":"category","embeddable":true,"href":"https:\/\/raicesjerezanas.com\/index.php?rest_route=%2Fwp%2Fv2%2Fcategories&post=16703"},{"taxonomy":"post_tag","embeddable":true,"href":"https:\/\/raicesjerezanas.com\/index.php?rest_route=%2Fwp%2Fv2%2Ftags&post=16703"}],"curies":[{"name":"wp","href":"https:\/\/api.w.org\/{rel}","templated":true}]}}