{"id":16718,"date":"2020-05-25T13:05:35","date_gmt":"2020-05-25T18:05:35","guid":{"rendered":"https:\/\/raicesjerezanas.com\/?p=16718"},"modified":"2023-07-14T04:25:20","modified_gmt":"2023-07-14T04:25:20","slug":"continua-mantenimiento-en-areas-verdes-de-jerez","status":"publish","type":"post","link":"https:\/\/raicesjerezanas.com\/?p=16718","title":{"rendered":"CONTIN\u00daA MANTENIMIENTO EN \u00c1REAS VERDES DE JEREZ"},"content":{"rendered":"<p>A trav\u00e9s del Departamento de Parques y Jardines, la Direcci\u00f3n de Obras y Servicios P\u00fablicos da mantenimiento a las principales avenidas de Jerez.<\/p>\n<p>Recientemente se podaron ejemplares de pino en la calle Paseo Fuensanta del fraccionamiento Jardines de Ram\u00f3n L\u00f3pez Velarde, adem\u00e1s de pasto y arbusto del camell\u00f3n central aleda\u00f1o.<\/p>\n<p>Con los trabajos se da realce a la imagen urbana y se mantiene la limpieza para no crear focos de infecci\u00f3n derivados del crecimiento de las plantas y el almacenamiento de basura en ellas.<\/p>\n<p>Las labores continuar\u00e1n de manera permanente en distintos puntos del Pueblo M\u00e1gico, con la intenci\u00f3n de mantener su imagen y que las familias convivan en mejores espacios.<\/p>\n","protected":false},"excerpt":{"rendered":"<div class=\"mh-excerpt\"><p>A trav\u00e9s del Departamento de Parques y Jardines, la Direcci\u00f3n de Obras y Servicios P\u00fablicos da mantenimiento a las principales avenidas de Jerez. Recientemente se <a class=\"mh-excerpt-more\" href=\"https:\/\/raicesjerezanas.com\/?p=16718\" title=\"CONTIN\u00daA MANTENIMIENTO EN \u00c1REAS VERDES DE JEREZ\">&#8230;<\/a><\/p>\n<\/div>","protected":false},"author":1,"featured_media":16719,"comment_status":"closed","ping_status":"closed","sticky":false,"template":"","format":"standard","meta":{"footnotes":""},"categories":[102],"tags":[],"class_list":["post-16718","post","type-post","status-publish","format-standard","has-post-thumbnail","hentry","category-noticias-de-jerez"],"_links":{"self":[{"href":"https:\/\/raicesjerezanas.com\/index.php?rest_route=\/wp\/v2\/posts\/16718","targetHints":{"allow":["GET"]}}],"collection":[{"href":"https:\/\/raicesjerezanas.com\/index.php?rest_route=\/wp\/v2\/posts"}],"about":[{"href":"https:\/\/raicesjerezanas.com\/index.php?rest_route=\/wp\/v2\/types\/post"}],"author":[{"embeddable":true,"href":"https:\/\/raicesjerezanas.com\/index.php?rest_route=\/wp\/v2\/users\/1"}],"replies":[{"embeddable":true,"href":"https:\/\/raicesjerezanas.com\/index.php?rest_route=%2Fwp%2Fv2%2Fcomments&post=16718"}],"version-history":[{"count":0,"href":"https:\/\/raicesjerezanas.com\/index.php?rest_route=\/wp\/v2\/posts\/16718\/revisions"}],"wp:featuredmedia":[{"embeddable":true,"href":"https:\/\/raicesjerezanas.com\/index.php?rest_route=\/wp\/v2\/media\/16719"}],"wp:attachment":[{"href":"https:\/\/raicesjerezanas.com\/index.php?rest_route=%2Fwp%2Fv2%2Fmedia&parent=16718"}],"wp:term":[{"taxonomy":"category","embeddable":true,"href":"https:\/\/raicesjerezanas.com\/index.php?rest_route=%2Fwp%2Fv2%2Fcategories&post=16718"},{"taxonomy":"post_tag","embeddable":true,"href":"https:\/\/raicesjerezanas.com\/index.php?rest_route=%2Fwp%2Fv2%2Ftags&post=16718"}],"curies":[{"name":"wp","href":"https:\/\/api.w.org\/{rel}","templated":true}]}}