{"id":16720,"date":"2020-05-26T21:33:05","date_gmt":"2020-05-27T02:33:05","guid":{"rendered":"https:\/\/raicesjerezanas.com\/?p=16720"},"modified":"2023-07-14T04:25:19","modified_gmt":"2023-07-14T04:25:19","slug":"dif-jerez-entrega-panales-a-personas-vulnerables","status":"publish","type":"post","link":"https:\/\/raicesjerezanas.com\/?p=16720","title":{"rendered":"DIF JEREZ ENTREGA PA\u00d1ALES A PERSONAS VULNERABLES"},"content":{"rendered":"<p>En respaldo a las familias que m\u00e1s lo necesitan durante la pandemia por Coronavirus, el DIF Municipal de Jerez comenz\u00f3 la entrega de pa\u00f1ales para j\u00f3venes, adultos y personas de la tercera edad.<\/p>\n<p>En la primera ruta se benefici\u00f3 a 18 personas en la cabecera municipal, que recibieron el paquete en su domicilio.<\/p>\n<p>La Instituci\u00f3n que preside Nayeli \u00c1lvarez Haro, busca llevar un beneficio a quienes requieren del apoyo, en especial a personas con discapacidad y adultos mayores.<\/p>\n<p>La Directora Susana de la Torre, detall\u00f3 que se espera entregar la totalidad de pa\u00f1ales a los 50 integrantes del padr\u00f3n durante la presente semana con las debidas medidas preventivas.<\/p>\n<p>Tal acci\u00f3n fue posible gracias a la invitaci\u00f3n del Gobierno Municipal para asociaciones civiles, escuelas y empresas privadas que de manera voluntaria se sumaron a esta noble causa.<\/p>\n","protected":false},"excerpt":{"rendered":"<div class=\"mh-excerpt\"><p>En respaldo a las familias que m\u00e1s lo necesitan durante la pandemia por Coronavirus, el DIF Municipal de Jerez comenz\u00f3 la entrega de pa\u00f1ales para <a class=\"mh-excerpt-more\" href=\"https:\/\/raicesjerezanas.com\/?p=16720\" title=\"DIF JEREZ ENTREGA PA\u00d1ALES A PERSONAS VULNERABLES\">&#8230;<\/a><\/p>\n<\/div>","protected":false},"author":1,"featured_media":16721,"comment_status":"closed","ping_status":"closed","sticky":false,"template":"","format":"standard","meta":{"footnotes":""},"categories":[102],"tags":[],"class_list":["post-16720","post","type-post","status-publish","format-standard","has-post-thumbnail","hentry","category-noticias-de-jerez"],"_links":{"self":[{"href":"https:\/\/raicesjerezanas.com\/index.php?rest_route=\/wp\/v2\/posts\/16720","targetHints":{"allow":["GET"]}}],"collection":[{"href":"https:\/\/raicesjerezanas.com\/index.php?rest_route=\/wp\/v2\/posts"}],"about":[{"href":"https:\/\/raicesjerezanas.com\/index.php?rest_route=\/wp\/v2\/types\/post"}],"author":[{"embeddable":true,"href":"https:\/\/raicesjerezanas.com\/index.php?rest_route=\/wp\/v2\/users\/1"}],"replies":[{"embeddable":true,"href":"https:\/\/raicesjerezanas.com\/index.php?rest_route=%2Fwp%2Fv2%2Fcomments&post=16720"}],"version-history":[{"count":0,"href":"https:\/\/raicesjerezanas.com\/index.php?rest_route=\/wp\/v2\/posts\/16720\/revisions"}],"wp:featuredmedia":[{"embeddable":true,"href":"https:\/\/raicesjerezanas.com\/index.php?rest_route=\/wp\/v2\/media\/16721"}],"wp:attachment":[{"href":"https:\/\/raicesjerezanas.com\/index.php?rest_route=%2Fwp%2Fv2%2Fmedia&parent=16720"}],"wp:term":[{"taxonomy":"category","embeddable":true,"href":"https:\/\/raicesjerezanas.com\/index.php?rest_route=%2Fwp%2Fv2%2Fcategories&post=16720"},{"taxonomy":"post_tag","embeddable":true,"href":"https:\/\/raicesjerezanas.com\/index.php?rest_route=%2Fwp%2Fv2%2Ftags&post=16720"}],"curies":[{"name":"wp","href":"https:\/\/api.w.org\/{rel}","templated":true}]}}