{"id":16723,"date":"2020-05-27T15:25:45","date_gmt":"2020-05-27T20:25:45","guid":{"rendered":"https:\/\/raicesjerezanas.com\/?p=16723"},"modified":"2023-07-14T04:25:19","modified_gmt":"2023-07-14T04:25:19","slug":"5-mil-familias-jerezanas-seran-beneficiadas-con-paquetes-alimentarios","status":"publish","type":"post","link":"https:\/\/raicesjerezanas.com\/?p=16723","title":{"rendered":"5 MIL FAMILIAS JEREZANAS SER\u00c1N BENEFICIADAS CON PAQUETES ALIMENTARIOS"},"content":{"rendered":"<p><strong>En pr\u00f3ximos d\u00edas concluir\u00e1 la entrega de este programa de apoyo social<\/strong><\/p>\n<p>Con m\u00e1s de 4 mil 600 Paquetes Alimentarios entregados en la zona rural de Jerez, Antonio Aceves S\u00e1nchez est\u00e1 por cumplir su compromiso de apoyar a 5 mil familias en condici\u00f3n vulnerable durante la contingencia sanitaria.<\/p>\n<p>Comunidades como Ord\u00f3\u00f1ez, Palmas Altas, San Juan del Centro, Jomulquillo, R\u00edo Florido y El Porvenir, ser\u00e1n beneficiadas durante las \u00faltimas rutas de entrega.<\/p>\n<p>El Alcalde jerezano manifest\u00f3 que en el objetivo de ser un Municipio Responsable, se emprendi\u00f3 la estrategia desde el Banco de Alimentos para respaldar a quienes vieron afectados sus ingresos econ\u00f3micos ante la presencia del COVID-19.<\/p>\n<p>\u00abReorientamos el presupuesto de Desarrollo Econ\u00f3mico y Social para afrontar la crisis de salud en nuestro municipio. En total invertimos un mill\u00f3n y medio de pesos para entregar Paquetes balanceados y que realmente fueran de utilidad para la gente\u00bb, dijo.<\/p>\n<p>En los recorridos en la cabecera y comunidades, han participado integrantes del gremio de taxistas y funcionarios p\u00fablicos en atenci\u00f3n a la medida de quedarse en casa.<\/p>\n<p>Personas con discapacidad, adultos mayores, m\u00fasicos, transportistas, comerciantes, jefas de familia y m\u00e1s sectores fueron contemplados en el padr\u00f3n que se realiz\u00f3 mediante una l\u00ednea telef\u00f3nica para evitar aglomeraciones en el proceso de registro.<\/p>\n<p>A la par colabor\u00f3 la Oficina de Registro Civil con la expedici\u00f3n gratuita de actas de nacimiento no foliadas para aquellos jerezanos que la requirieran para su tr\u00e1mite.<\/p>\n<p>Cada Paquete consta de 26 productos de alimentaci\u00f3n b\u00e1sica e higiene, que fueron armados con asesor\u00eda nutricional del DIF Municipal y empaquetados conforme con los protocolos de prevenci\u00f3n.<\/p>\n","protected":false},"excerpt":{"rendered":"<div class=\"mh-excerpt\"><p>En pr\u00f3ximos d\u00edas concluir\u00e1 la entrega de este programa de apoyo social Con m\u00e1s de 4 mil 600 Paquetes Alimentarios entregados en la zona rural <a class=\"mh-excerpt-more\" href=\"https:\/\/raicesjerezanas.com\/?p=16723\" title=\"5 MIL FAMILIAS JEREZANAS SER\u00c1N BENEFICIADAS CON PAQUETES ALIMENTARIOS\">&#8230;<\/a><\/p>\n<\/div>","protected":false},"author":1,"featured_media":16724,"comment_status":"closed","ping_status":"closed","sticky":false,"template":"","format":"standard","meta":{"footnotes":""},"categories":[102],"tags":[],"class_list":["post-16723","post","type-post","status-publish","format-standard","has-post-thumbnail","hentry","category-noticias-de-jerez"],"_links":{"self":[{"href":"https:\/\/raicesjerezanas.com\/index.php?rest_route=\/wp\/v2\/posts\/16723","targetHints":{"allow":["GET"]}}],"collection":[{"href":"https:\/\/raicesjerezanas.com\/index.php?rest_route=\/wp\/v2\/posts"}],"about":[{"href":"https:\/\/raicesjerezanas.com\/index.php?rest_route=\/wp\/v2\/types\/post"}],"author":[{"embeddable":true,"href":"https:\/\/raicesjerezanas.com\/index.php?rest_route=\/wp\/v2\/users\/1"}],"replies":[{"embeddable":true,"href":"https:\/\/raicesjerezanas.com\/index.php?rest_route=%2Fwp%2Fv2%2Fcomments&post=16723"}],"version-history":[{"count":0,"href":"https:\/\/raicesjerezanas.com\/index.php?rest_route=\/wp\/v2\/posts\/16723\/revisions"}],"wp:featuredmedia":[{"embeddable":true,"href":"https:\/\/raicesjerezanas.com\/index.php?rest_route=\/wp\/v2\/media\/16724"}],"wp:attachment":[{"href":"https:\/\/raicesjerezanas.com\/index.php?rest_route=%2Fwp%2Fv2%2Fmedia&parent=16723"}],"wp:term":[{"taxonomy":"category","embeddable":true,"href":"https:\/\/raicesjerezanas.com\/index.php?rest_route=%2Fwp%2Fv2%2Fcategories&post=16723"},{"taxonomy":"post_tag","embeddable":true,"href":"https:\/\/raicesjerezanas.com\/index.php?rest_route=%2Fwp%2Fv2%2Ftags&post=16723"}],"curies":[{"name":"wp","href":"https:\/\/api.w.org\/{rel}","templated":true}]}}