{"id":16731,"date":"2020-05-30T12:19:25","date_gmt":"2020-05-30T17:19:25","guid":{"rendered":"https:\/\/raicesjerezanas.com\/?p=16731"},"modified":"2023-07-14T04:25:18","modified_gmt":"2023-07-14T04:25:18","slug":"aceves-sanchez-implementa-medidas-para-la-nueva-realidad","status":"publish","type":"post","link":"https:\/\/raicesjerezanas.com\/?p=16731","title":{"rendered":"ACEVES S\u00c1NCHEZ IMPLEMENTA MEDIDAS PARA LA NUEVA REALIDAD"},"content":{"rendered":"<p><strong>El no cumplimiento de estos protocolos en el sector comercial representar\u00e1 el cierre temporal o total hasta nuevo aviso<\/strong><\/p>\n<p>El alcalde Antonio Aceves S\u00e1nchez, dio a conocer lineamientos y recomendaciones a seguir en Jerez a partir del 1 de junio con el periodo de la Nueva Realidad.<\/p>\n<p>Asegur\u00f3 que el riesgo sigue presente por lo que la nueva fase de la pandemia exige responsabilidad de todos los sectores evitar rebrotes.<\/p>\n<p>Entre las cinco recomendaciones principales est\u00e1 quedarse en casa, con el llamado a salir una sola persona por familia a realizar compras y\/o tr\u00e1mites para proteger a los sectores vulnerables como lo son ni\u00f1os, mujeres embarazadas, adultos mayores de 60 a\u00f1os y personas con enfermedades cr\u00f3nicas.<\/p>\n<p>Otra es respetar la sana distancia y el uso obligatorio de cubrebocas en la calle, en establecimientos comerciales y oficinas de gobierno, lavado de manos constante y uso de gel antibacterial.<\/p>\n<p>Adem\u00e1s, se invita a reforzar el hogar como primer filtro con la desinfecci\u00f3n de superficies y art\u00edculos de uso com\u00fan, y finalmente evitar aglomeraciones.<\/p>\n<p>\u00abEsta etapa nos permite reactivar la econom\u00eda local. Retomaremos las actividades de negocios esenciales y no esenciales de forma gradual para no generar riesgos en la salud de los jerezanos\u00bb, dijo.<\/p>\n<p>A partir del 1 de junio, se verificar\u00e1 el cumplimiento de protocolos sanitarios en el sector comercial. Todos los establecimientos y licorer\u00edas podr\u00e1n permanecer abiertos en un horario de 9 de la ma\u00f1ana a 3 de la tarde.<\/p>\n<p>Cada local deber\u00e1 acatar el uso obligatorio de cubrebocas en personal y clientes. De lo contrario debe prohibirse el acceso al lugar. Tambi\u00e9n habr\u00e1n de habilitar tapetes sanitizantes, despachador de gel antibacterial, conservar la sana distancia y restringir el acceso a los grupos de riesgo.<\/p>\n<p>No cumplir tales puntos puede representar el cierre temporal o total hasta nuevo aviso.<\/p>\n<p>Aceves S\u00e1nchez manifest\u00f3 que el nuevo compromiso es adaptarse a una nueva cultura de convivencia para que Jerez se mantenga como un Municipio Responsable y el m\u00e1s alegre de los Pueblos M\u00e1gicos, reiterando la invitaci\u00f3n a trabajar y prevenir en equipo.<\/p>\n","protected":false},"excerpt":{"rendered":"<div class=\"mh-excerpt\"><p>El no cumplimiento de estos protocolos en el sector comercial representar\u00e1 el cierre temporal o total hasta nuevo aviso El alcalde Antonio Aceves S\u00e1nchez, dio <a class=\"mh-excerpt-more\" href=\"https:\/\/raicesjerezanas.com\/?p=16731\" title=\"ACEVES S\u00c1NCHEZ IMPLEMENTA MEDIDAS PARA LA NUEVA REALIDAD\">&#8230;<\/a><\/p>\n<\/div>","protected":false},"author":1,"featured_media":16732,"comment_status":"closed","ping_status":"closed","sticky":false,"template":"","format":"standard","meta":{"footnotes":""},"categories":[102],"tags":[],"class_list":["post-16731","post","type-post","status-publish","format-standard","has-post-thumbnail","hentry","category-noticias-de-jerez"],"_links":{"self":[{"href":"https:\/\/raicesjerezanas.com\/index.php?rest_route=\/wp\/v2\/posts\/16731","targetHints":{"allow":["GET"]}}],"collection":[{"href":"https:\/\/raicesjerezanas.com\/index.php?rest_route=\/wp\/v2\/posts"}],"about":[{"href":"https:\/\/raicesjerezanas.com\/index.php?rest_route=\/wp\/v2\/types\/post"}],"author":[{"embeddable":true,"href":"https:\/\/raicesjerezanas.com\/index.php?rest_route=\/wp\/v2\/users\/1"}],"replies":[{"embeddable":true,"href":"https:\/\/raicesjerezanas.com\/index.php?rest_route=%2Fwp%2Fv2%2Fcomments&post=16731"}],"version-history":[{"count":0,"href":"https:\/\/raicesjerezanas.com\/index.php?rest_route=\/wp\/v2\/posts\/16731\/revisions"}],"wp:featuredmedia":[{"embeddable":true,"href":"https:\/\/raicesjerezanas.com\/index.php?rest_route=\/wp\/v2\/media\/16732"}],"wp:attachment":[{"href":"https:\/\/raicesjerezanas.com\/index.php?rest_route=%2Fwp%2Fv2%2Fmedia&parent=16731"}],"wp:term":[{"taxonomy":"category","embeddable":true,"href":"https:\/\/raicesjerezanas.com\/index.php?rest_route=%2Fwp%2Fv2%2Fcategories&post=16731"},{"taxonomy":"post_tag","embeddable":true,"href":"https:\/\/raicesjerezanas.com\/index.php?rest_route=%2Fwp%2Fv2%2Ftags&post=16731"}],"curies":[{"name":"wp","href":"https:\/\/api.w.org\/{rel}","templated":true}]}}