{"id":16733,"date":"2020-06-01T13:24:46","date_gmt":"2020-06-01T18:24:46","guid":{"rendered":"https:\/\/raicesjerezanas.com\/?p=16733"},"modified":"2023-07-14T04:25:18","modified_gmt":"2023-07-14T04:25:18","slug":"se-suma-dif-municipal-de-jerez-a-la-nueva-realidad","status":"publish","type":"post","link":"https:\/\/raicesjerezanas.com\/?p=16733","title":{"rendered":"SE SUMA DIF MUNICIPAL DE JEREZ A LA NUEVA REALIDAD"},"content":{"rendered":"<p>En la etapa de Nueva Realidad, el DIF Municipal de Jerez retoma su servicio al p\u00fablico con las debidas medidas de prevenci\u00f3n de 9 de la ma\u00f1ana a 3 de la tarde.<\/p>\n<p>La Presidenta Honor\u00edfica Nayeli \u00c1lvarez Haro, asegur\u00f3 que la intenci\u00f3n es continuar con el respaldo a quienes m\u00e1s lo necesitan. Por el momento las Jefaturas de Salud, Operativa, de Alimentos y jur\u00eddico atender\u00e1n las solicitudes de los jerezanos.<\/p>\n<p>Inform\u00f3 que a partir de esta semana est\u00e1n abiertas las oficinas del Instituto de la Mujer Jerezana (INMUJE) con atenci\u00f3n psicol\u00f3gica y seguimiento de denuncias, y el Centro de Rehabilitaci\u00f3n Infantil y Juvenil de Jerez (CRIJJ) que contin\u00faa con el env\u00edo de terapias en casa.<\/p>\n<p>Los Centros de Desarrollo Comunitario (CDC) estar\u00e1n abiertos solo para dar informaci\u00f3n, y sus talleres se abrir\u00e1n cuando lo determinen las autoridades de salud.<\/p>\n<p>Seg\u00fan avancen los protocolos sanitarios, en pr\u00f3ximas semanas se reincorporar\u00e1n las \u00e1reas de terapia f\u00edsica, Guarder\u00eda Municipal y los Comedores de la cabecera y comunidades con servicio para llevar.<\/p>\n<p>\u00c1lvarez Haro precis\u00f3 que se controlar\u00e1 el acceso de ciudadanos a sus instalaciones, quienes deber\u00e1n usar cubrebocas y no acudir con ni\u00f1os, embarazadas, adultos mayores y personas con enfermedades cr\u00f3nicas.<\/p>\n","protected":false},"excerpt":{"rendered":"<div class=\"mh-excerpt\"><p>En la etapa de Nueva Realidad, el DIF Municipal de Jerez retoma su servicio al p\u00fablico con las debidas medidas de prevenci\u00f3n de 9 de <a class=\"mh-excerpt-more\" href=\"https:\/\/raicesjerezanas.com\/?p=16733\" title=\"SE SUMA DIF MUNICIPAL DE JEREZ A LA NUEVA REALIDAD\">&#8230;<\/a><\/p>\n<\/div>","protected":false},"author":1,"featured_media":16734,"comment_status":"closed","ping_status":"closed","sticky":false,"template":"","format":"standard","meta":{"footnotes":""},"categories":[102],"tags":[],"class_list":["post-16733","post","type-post","status-publish","format-standard","has-post-thumbnail","hentry","category-noticias-de-jerez"],"_links":{"self":[{"href":"https:\/\/raicesjerezanas.com\/index.php?rest_route=\/wp\/v2\/posts\/16733","targetHints":{"allow":["GET"]}}],"collection":[{"href":"https:\/\/raicesjerezanas.com\/index.php?rest_route=\/wp\/v2\/posts"}],"about":[{"href":"https:\/\/raicesjerezanas.com\/index.php?rest_route=\/wp\/v2\/types\/post"}],"author":[{"embeddable":true,"href":"https:\/\/raicesjerezanas.com\/index.php?rest_route=\/wp\/v2\/users\/1"}],"replies":[{"embeddable":true,"href":"https:\/\/raicesjerezanas.com\/index.php?rest_route=%2Fwp%2Fv2%2Fcomments&post=16733"}],"version-history":[{"count":0,"href":"https:\/\/raicesjerezanas.com\/index.php?rest_route=\/wp\/v2\/posts\/16733\/revisions"}],"wp:featuredmedia":[{"embeddable":true,"href":"https:\/\/raicesjerezanas.com\/index.php?rest_route=\/wp\/v2\/media\/16734"}],"wp:attachment":[{"href":"https:\/\/raicesjerezanas.com\/index.php?rest_route=%2Fwp%2Fv2%2Fmedia&parent=16733"}],"wp:term":[{"taxonomy":"category","embeddable":true,"href":"https:\/\/raicesjerezanas.com\/index.php?rest_route=%2Fwp%2Fv2%2Fcategories&post=16733"},{"taxonomy":"post_tag","embeddable":true,"href":"https:\/\/raicesjerezanas.com\/index.php?rest_route=%2Fwp%2Fv2%2Ftags&post=16733"}],"curies":[{"name":"wp","href":"https:\/\/api.w.org\/{rel}","templated":true}]}}