{"id":16740,"date":"2020-06-03T12:31:13","date_gmt":"2020-06-03T17:31:13","guid":{"rendered":"https:\/\/raicesjerezanas.com\/?p=16740"},"modified":"2023-07-14T04:25:18","modified_gmt":"2023-07-14T04:25:18","slug":"determinan-horarios-de-servicio-comercial-con-la-nueva-realidad-en-jerez","status":"publish","type":"post","link":"https:\/\/raicesjerezanas.com\/?p=16740","title":{"rendered":"DETERMINAN HORARIOS DE SERVICIO COMERCIAL CON LA NUEVA REALIDAD EN JEREZ"},"content":{"rendered":"<p><strong>El servicio de bares, licorer\u00edas, antros y la zona de tolerancia se suspender\u00e1 los domingos<\/strong><\/p>\n<p>El Gobierno de Antonio Aceves S\u00e1nchez, en conjunto con el Sector Salud a trav\u00e9s de la Comisi\u00f3n Federal de Prevenci\u00f3n contra Riesgos Sanitarios (COFEPRIS), estableci\u00f3 horarios de servicio para distintos giros comerciales en Jerez.<\/p>\n<p>Los m\u00e1s de 600 negocios que ofrecen bebidas alcoh\u00f3licas, laborar\u00e1n con horario limitado y bajo estricta vigilancia de lunes a s\u00e1bado.<\/p>\n<p>La distribuci\u00f3n result\u00f3 de la siguiente manera:<\/p>\n<p>10:00-16:00 horas: Licorer\u00edas, minisuper y tiendas de autoservicio<br \/>\n10:00-16:00 horas: Tiendas y abarrotes<br \/>\n16:00-20:00 horas: Billares y cervecer\u00edas<br \/>\n20:00-24:00 horas: Bares y cantinas<br \/>\n20:00-24:00 horas: Antros<br \/>\n22:00-02:00 horas: Zona de Tolerancia<\/p>\n<p>Los domingos quedar\u00e1n suspendidas las actividades de tales espacios, d\u00eda en el que se deber\u00e1n sanitizarse; solo podr\u00e1n laborar aquellos que ofrezcan productos de primera necesidad. De igual manera todos deben cumplir con los protocolos y filtros de higiene para la seguridad de empleados y clientes.<\/p>\n<p>El Secretario de Gobierno, Liborio Carrillo Castro, manifiest\u00f3 que la din\u00e1mica ser\u00e1 por un periodo de 15 d\u00edas para luego hacer las valoraciones pertinentes seg\u00fan avance el sem\u00e1foro de contagios.<\/p>\n<p>En este lapso los comerciantes deber\u00e1n elaborar un protocolo sanitario interno, mismo que deber\u00e1 presentarse a la COFEPRIS para su autorizaci\u00f3n.<\/p>\n<p>Asegur\u00f3 que el \u00e9xito del acuerdo estar\u00e1 en la colaboraci\u00f3n tanto de los comerciantes como de los ciudadanos, para evitar posibles rebrotes de COVID-19.<\/p>\n<p>Record\u00f3 que el incumplimiento de las medidas puede derivar en la suspensi\u00f3n temporal o parcial, hecho que se verificar\u00e1 tambi\u00e9n con recorridos por parte de la Direcci\u00f3n de Seguridad P\u00fablica Municipal (DSPM).<\/p>\n","protected":false},"excerpt":{"rendered":"<div class=\"mh-excerpt\"><p>El servicio de bares, licorer\u00edas, antros y la zona de tolerancia se suspender\u00e1 los domingos El Gobierno de Antonio Aceves S\u00e1nchez, en conjunto con el <a class=\"mh-excerpt-more\" href=\"https:\/\/raicesjerezanas.com\/?p=16740\" title=\"DETERMINAN HORARIOS DE SERVICIO COMERCIAL CON LA NUEVA REALIDAD EN JEREZ\">&#8230;<\/a><\/p>\n<\/div>","protected":false},"author":1,"featured_media":16741,"comment_status":"closed","ping_status":"closed","sticky":false,"template":"","format":"standard","meta":{"footnotes":""},"categories":[102],"tags":[],"class_list":["post-16740","post","type-post","status-publish","format-standard","has-post-thumbnail","hentry","category-noticias-de-jerez"],"_links":{"self":[{"href":"https:\/\/raicesjerezanas.com\/index.php?rest_route=\/wp\/v2\/posts\/16740","targetHints":{"allow":["GET"]}}],"collection":[{"href":"https:\/\/raicesjerezanas.com\/index.php?rest_route=\/wp\/v2\/posts"}],"about":[{"href":"https:\/\/raicesjerezanas.com\/index.php?rest_route=\/wp\/v2\/types\/post"}],"author":[{"embeddable":true,"href":"https:\/\/raicesjerezanas.com\/index.php?rest_route=\/wp\/v2\/users\/1"}],"replies":[{"embeddable":true,"href":"https:\/\/raicesjerezanas.com\/index.php?rest_route=%2Fwp%2Fv2%2Fcomments&post=16740"}],"version-history":[{"count":0,"href":"https:\/\/raicesjerezanas.com\/index.php?rest_route=\/wp\/v2\/posts\/16740\/revisions"}],"wp:featuredmedia":[{"embeddable":true,"href":"https:\/\/raicesjerezanas.com\/index.php?rest_route=\/wp\/v2\/media\/16741"}],"wp:attachment":[{"href":"https:\/\/raicesjerezanas.com\/index.php?rest_route=%2Fwp%2Fv2%2Fmedia&parent=16740"}],"wp:term":[{"taxonomy":"category","embeddable":true,"href":"https:\/\/raicesjerezanas.com\/index.php?rest_route=%2Fwp%2Fv2%2Fcategories&post=16740"},{"taxonomy":"post_tag","embeddable":true,"href":"https:\/\/raicesjerezanas.com\/index.php?rest_route=%2Fwp%2Fv2%2Ftags&post=16740"}],"curies":[{"name":"wp","href":"https:\/\/api.w.org\/{rel}","templated":true}]}}