{"id":16742,"date":"2020-06-03T12:37:59","date_gmt":"2020-06-03T17:37:59","guid":{"rendered":"https:\/\/raicesjerezanas.com\/?p=16742"},"modified":"2023-07-14T04:25:18","modified_gmt":"2023-07-14T04:25:18","slug":"establecimientos-deportivos-de-jerez-retomaran-actividad-en-semaforo-verde","status":"publish","type":"post","link":"https:\/\/raicesjerezanas.com\/?p=16742","title":{"rendered":"ESTABLECIMIENTOS DEPORTIVOS DE JEREZ RETOMAR\u00c1N ACTIVIDAD EN SEM\u00c1FORO VERDE"},"content":{"rendered":"<p>Gimnasios y espacios cerrados para pr\u00e1cticas deportivas en Jerez, abrir\u00e1n sus puertas una vez que se establezca el sem\u00e1foro verde de contagios de COVID-19 en el municipio.<\/p>\n<p>Esto como una medida dentro de la Nueva Realidad, ya que ponerlos en funcionamiento incrementar\u00eda la nube de secreciones corporales por la actividad f\u00edsica adem\u00e1s de la movilidad urbana que va contra la recomendaci\u00f3n de quedarse en casa.<\/p>\n<p>El director de la Comisi\u00f3n Federal para la Protecci\u00f3n contra Riesgos Sanitarios (COFEPRIS) Jurisdicci\u00f3n Tlaltenango, Francisco L\u00f3pez Mart\u00ednez, invit\u00f3 a los miembros de gimnasios y deportistas en general a respetar la medida ya que reunirse en espacios cerrados puede poner en riesgo la salud de los presentes.<\/p>\n<p>Asimismo, record\u00f3 que los establecimientos que incumplan con los protocolos sanitarios recibir\u00e1n una suspensi\u00f3n temporal o total hasta nuevo aviso.<\/p>\n","protected":false},"excerpt":{"rendered":"<div class=\"mh-excerpt\"><p>Gimnasios y espacios cerrados para pr\u00e1cticas deportivas en Jerez, abrir\u00e1n sus puertas una vez que se establezca el sem\u00e1foro verde de contagios de COVID-19 en <a class=\"mh-excerpt-more\" href=\"https:\/\/raicesjerezanas.com\/?p=16742\" title=\"ESTABLECIMIENTOS DEPORTIVOS DE JEREZ RETOMAR\u00c1N ACTIVIDAD EN SEM\u00c1FORO VERDE\">&#8230;<\/a><\/p>\n<\/div>","protected":false},"author":1,"featured_media":16743,"comment_status":"closed","ping_status":"closed","sticky":false,"template":"","format":"standard","meta":{"footnotes":""},"categories":[102],"tags":[],"class_list":["post-16742","post","type-post","status-publish","format-standard","has-post-thumbnail","hentry","category-noticias-de-jerez"],"_links":{"self":[{"href":"https:\/\/raicesjerezanas.com\/index.php?rest_route=\/wp\/v2\/posts\/16742","targetHints":{"allow":["GET"]}}],"collection":[{"href":"https:\/\/raicesjerezanas.com\/index.php?rest_route=\/wp\/v2\/posts"}],"about":[{"href":"https:\/\/raicesjerezanas.com\/index.php?rest_route=\/wp\/v2\/types\/post"}],"author":[{"embeddable":true,"href":"https:\/\/raicesjerezanas.com\/index.php?rest_route=\/wp\/v2\/users\/1"}],"replies":[{"embeddable":true,"href":"https:\/\/raicesjerezanas.com\/index.php?rest_route=%2Fwp%2Fv2%2Fcomments&post=16742"}],"version-history":[{"count":0,"href":"https:\/\/raicesjerezanas.com\/index.php?rest_route=\/wp\/v2\/posts\/16742\/revisions"}],"wp:featuredmedia":[{"embeddable":true,"href":"https:\/\/raicesjerezanas.com\/index.php?rest_route=\/wp\/v2\/media\/16743"}],"wp:attachment":[{"href":"https:\/\/raicesjerezanas.com\/index.php?rest_route=%2Fwp%2Fv2%2Fmedia&parent=16742"}],"wp:term":[{"taxonomy":"category","embeddable":true,"href":"https:\/\/raicesjerezanas.com\/index.php?rest_route=%2Fwp%2Fv2%2Fcategories&post=16742"},{"taxonomy":"post_tag","embeddable":true,"href":"https:\/\/raicesjerezanas.com\/index.php?rest_route=%2Fwp%2Fv2%2Ftags&post=16742"}],"curies":[{"name":"wp","href":"https:\/\/api.w.org\/{rel}","templated":true}]}}